{"id":38383,"date":"2024-09-16T03:07:00","date_gmt":"2024-09-16T06:07:00","guid":{"rendered":"https:\/\/noticiasdestaque.com.br\/index.php\/2024\/09\/16\/historias-exportadoras-cafe-da-serra-da-canastra-conquista-mercados-internacionais\/"},"modified":"2024-09-16T03:07:00","modified_gmt":"2024-09-16T06:07:00","slug":"historias-exportadoras-cafe-da-serra-da-canastra-conquista-mercados-internacionais","status":"publish","type":"post","link":"https:\/\/noticiasdestaque.com.br\/index.php\/2024\/09\/16\/historias-exportadoras-cafe-da-serra-da-canastra-conquista-mercados-internacionais\/","title":{"rendered":"HIST\u00d3RIAS EXPORTADORAS: Caf\u00e9 da Serra da Canastra conquista mercados internacionais"},"content":{"rendered":"<p>\t\t\t\t\t\t\t\t\t\t<audio controls class=\"b61_audio_player\" data-noticia=\"76973\" src=\"https:\/\/brasil61.com\/rails\/active_storage\/blobs\/eyJfcmFpbHMiOnsibWVzc2FnZSI6IkJBaHBBNGNCQXc9PSIsImV4cCI6bnVsbCwicHVyIjoiYmxvYl9pZCJ9fQ==--c74c855f21266efe75498e714d39064980c8afde\/APEX240036A\"><\/audio><\/p>\n<p>\u00a0<\/p>\n<\/p>\n<p>H\u00e1 cinco anos, o produtor agr\u00edcola Edson Luiz Ignacio decidiu diversificar os neg\u00f3cios. Em meio ao Cerrado Mineiro, mais especificamente no munic\u00edpio de Tapira, ele adquiriu uma peda\u00e7o de terra para dar in\u00edcio \u00e0 produ\u00e7\u00e3o de caf\u00e9s especiais. De 2019 para c\u00e1, \u00a0a Fazenda S\u00e3o Pedro da Canastra j\u00e1 tem plantados cerca de 500 hectares de gr\u00e3os ar\u00e1bicos.<\/p>\n<p>Segundo Warley Oliveira, administrador da fazenda, desde o projeto inicial do empreendimento, o objetivo era exportar os gr\u00e3os. \u201cCaf\u00e9s produzidos em elevadas altitudes oferecem uma qualidade melhor. Foi justamente por isso que teve essa escolha de se produzir caf\u00e9 na Serra da Canastra. Ent\u00e3o, o projeto j\u00e1 foi desenhado com foco na produ\u00e7\u00e3o de caf\u00e9s especiais, com foco na exporta\u00e7\u00e3o\u201d.<\/p>\n<p>No ano passado, ocorreu a primeira safra da Fazenda S\u00e3o Pedro da Canastra e os caf\u00e9s colhidos j\u00e1 encontraram destino no exterior gra\u00e7as ao apoio da <a href=\"https:\/\/apexbrasil.com.br\/\">Ag\u00eancia Brasileira de Promo\u00e7\u00e3o de Exporta\u00e7\u00f5es e Investimentos (ApexBrasil)<\/a>. Em novembro de 2023, a Apex intermediou um encontro entre cafeicultores da Regi\u00e3o do Cerrado Mineiro com um grupo de 12 potenciais compradores internacionais da \u00c1frica do Sul, Ar\u00e1bia Saudita, China, \u00cdndia, Mo\u00e7ambique, Pol\u00f4nia, Portugal e R\u00fassia.\u00a0<\/p>\n<p>\u201cO ano passado foi a primeira safra. Ent\u00e3o, n\u00f3s j\u00e1 est\u00e1vamos de olho em v\u00e1rias a\u00e7\u00f5es e, quando teve a oportunidade de participar desse evento da Apex, n\u00f3s buscamos apresentar os melhores caf\u00e9s que t\u00ednhamos na safra. Ent\u00e3o, v\u00e1rios compradores provaram, n\u00f3s recebemos \u00f3timos feedbacks e conseguimos concretizar esse neg\u00f3cio com clientes da China, que foi, no momento, um pre\u00e7o muito interessante para ocasi\u00e3o\u201d, conta Warley Oliveira.<\/p>\n<h2>Identifica\u00e7\u00e3o Geogr\u00e1fica<\/h2>\n<p>Os caf\u00e9s produzidos na regi\u00e3o do Cerrado Mineiro, incluindo os gr\u00e3os da Fazenda S\u00e3o Pedro da Canastra, foram os primeiros no mundo a receberem o selo de Indica\u00e7\u00e3o Geogr\u00e1fica na modalidade Denomina\u00e7\u00e3o de Origem. Isso significa que caracter\u00edsticas naturais \u2014 como clima, solo, relevo, saber-fazer espec\u00edfico \u2014 s\u00f3 ser\u00e3o encontradas no caf\u00e9 dessa regi\u00e3o.\u00a0<\/p>\n<p>Para Warley Oliveira, ter o selo de Denomina\u00e7\u00e3o de Origem garante vantagens competitivas no com\u00e9rcio internacional.<\/p>\n<p>\u201cHoje praticamente todos os nossos caf\u00e9s, que s\u00e3o para exporta\u00e7\u00e3o, saem com o selo Cerrado Mineiro. O nosso importador exige que todos os caf\u00e9s saiam com isso. Ent\u00e3o, para a gente foi muito bom. Ele saiu na frente de v\u00e1rios outros pa\u00edses, outras regi\u00f5es tamb\u00e9m.\u201d<\/p>\n<p>O administrador da Fazenda S\u00e3o Pedro da Canastra destaca a import\u00e2ncia do trabalho da Apex ao trazer os compradores internacionais para conhecerem pessoalmente o diferencial dos gr\u00e3os do Cerrado Mineiro.<\/p>\n<p>\u201cAcho super importante, super v\u00e1lido estar trazendo o pessoal para conhecer, porque ningu\u00e9m sabe produzir caf\u00e9 como n\u00f3s sabemos. Ningu\u00e9m tem a tecnologia e a expertise que n\u00f3s temos para produzir caf\u00e9 de alt\u00edssima qualidade e com consist\u00eancia e volume. Ent\u00e3o, o cliente vendo isso, de forma indireta, a gente acaba tendo um ganho.\u201d<\/p>\n<p>Al\u00e9m da venda para a China, hoje o caf\u00e9 S\u00e3o Pedro da Canastra tamb\u00e9m exporta para a Pol\u00f4nia, Holanda, Austr\u00e1lia, Alemanha, Nova Zel\u00e2ndia e j\u00e1 est\u00e1 em fase avan\u00e7ada de negocia\u00e7\u00e3o com clientes nos Estados Unidos.<\/p>\n<h2>Brasil na Vitrine<\/h2>\n<p>A exporta\u00e7\u00e3o do caf\u00e9 S\u00e3o Pedro da Canastra para a China vai ao encontro da assinatura de um Protocolo de Inten\u00e7\u00f5es entre o governo brasileiro e a Luckin Coffee, uma das maiores redes chinesas de caf\u00e9. O acordo prev\u00ea a compra pela rede de aproximadamente 120 mil toneladas de caf\u00e9 brasileiro, em uma transa\u00e7\u00e3o avaliada em cerca de US$ 500 milh\u00f5es.<\/p>\n<p>A a\u00e7\u00e3o faz parte do programa <a href=\"https:\/\/apexbrasil.com.br\/br\/pt\/conteudo\/noticias\/-o-cafe-brasileiro-e-o-melhor-do-mundo---afirma-yan-yan-sabrina-.html\">Brasil na Vitrine<\/a>, da Apex, que oferece oportunidades aos empreendedores de se inserirem no mercado internacional, por meio da promo\u00e7\u00e3o subsidiada e estruturada de produtos brasileiros em redes de varejo no mundo todo.<\/p>\n<p>Para saber mais sobre outros programas e solu\u00e7\u00f5es da Ag\u00eancia Brasileira de Promo\u00e7\u00e3o de Exporta\u00e7\u00f5es e Investimentos, acesse <a href=\"https:\/\/apexbrasil.com.br\/br\/pt\/conteudo\/noticias\/-o-cafe-brasileiro-e-o-melhor-do-mundo---afirma-yan-yan-sabrina-.html\">www.apexbrasil.com.br.<\/a><br \/>\n\u00a0<\/p>\n<p>\t\t\t\t\t\t\t\t\t<img loading=\"lazy\" decoding=\"async\" src=\"https:\/\/brasil61.com\/api\/v1\/serve_pixel\/17677\/76973\" alt=\"Pixel Brasil 61\" class=\"b61_pixel\" width=\"0\" height=\"0\"><\/p>\n<input type=\"hidden\" id=\"baseurl\" value=\"https:\/\/noticiasdestaque.com.br\"><input type=\"hidden\" id=\"audio_nonce\" value=\"6a24ca502e\">","protected":false},"excerpt":{"rendered":"<p>Indica\u00e7\u00e3o Geogr\u00e1fica do caf\u00e9 do Cerrado Mineiro \u00e9 diferencial competitivo no com\u00e9rcio exterior. Apoio da ApexBrasil ajudou produtor no contato com potenciais compradores globais<\/p>\n","protected":false},"author":1,"featured_media":38384,"comment_status":"open","ping_status":"open","sticky":false,"template":"","format":"standard","meta":{"fifu_image_url":"","fifu_image_alt":"","footnotes":""},"categories":[59],"tags":[],"class_list":["post-38383","post","type-post","status-publish","format-standard","has-post-thumbnail","hentry","category-economia"],"distributor_meta":false,"distributor_terms":false,"distributor_media":false,"distributor_original_site_name":"Noticias em Destaque","distributor_original_site_url":"https:\/\/noticiasdestaque.com.br","push-errors":false,"_links":{"self":[{"href":"https:\/\/noticiasdestaque.com.br\/index.php\/wp-json\/wp\/v2\/posts\/38383","targetHints":{"allow":["GET"]}}],"collection":[{"href":"https:\/\/noticiasdestaque.com.br\/index.php\/wp-json\/wp\/v2\/posts"}],"about":[{"href":"https:\/\/noticiasdestaque.com.br\/index.php\/wp-json\/wp\/v2\/types\/post"}],"author":[{"embeddable":true,"href":"https:\/\/noticiasdestaque.com.br\/index.php\/wp-json\/wp\/v2\/users\/1"}],"replies":[{"embeddable":true,"href":"https:\/\/noticiasdestaque.com.br\/index.php\/wp-json\/wp\/v2\/comments?post=38383"}],"version-history":[{"count":0,"href":"https:\/\/noticiasdestaque.com.br\/index.php\/wp-json\/wp\/v2\/posts\/38383\/revisions"}],"wp:featuredmedia":[{"embeddable":true,"href":"https:\/\/noticiasdestaque.com.br\/index.php\/wp-json\/wp\/v2\/media\/38384"}],"wp:attachment":[{"href":"https:\/\/noticiasdestaque.com.br\/index.php\/wp-json\/wp\/v2\/media?parent=38383"}],"wp:term":[{"taxonomy":"category","embeddable":true,"href":"https:\/\/noticiasdestaque.com.br\/index.php\/wp-json\/wp\/v2\/categories?post=38383"},{"taxonomy":"post_tag","embeddable":true,"href":"https:\/\/noticiasdestaque.com.br\/index.php\/wp-json\/wp\/v2\/tags?post=38383"}],"curies":[{"name":"wp","href":"https:\/\/api.w.org\/{rel}","templated":true}]}}