{"id":38381,"date":"2024-09-18T03:06:00","date_gmt":"2024-09-18T06:06:00","guid":{"rendered":"https:\/\/noticiasdestaque.com.br\/index.php\/2024\/09\/18\/entenda-a-proposta-que-retira-gastos-com-terceirizacao-dos-limites-de-despesas-com-pessoal\/"},"modified":"2024-09-18T03:06:00","modified_gmt":"2024-09-18T06:06:00","slug":"entenda-a-proposta-que-retira-gastos-com-terceirizacao-dos-limites-de-despesas-com-pessoal","status":"publish","type":"post","link":"https:\/\/noticiasdestaque.com.br\/index.php\/2024\/09\/18\/entenda-a-proposta-que-retira-gastos-com-terceirizacao-dos-limites-de-despesas-com-pessoal\/","title":{"rendered":"Entenda a proposta que retira gastos com terceiriza\u00e7\u00e3o dos limites de despesas com pessoal"},"content":{"rendered":"<p>\t\t\t\t\t\t\t\t\t\t<audio controls class=\"b61_audio_player\" data-noticia=\"77105\" src=\"https:\/\/brasil61.com\/rails\/active_storage\/blobs\/eyJfcmFpbHMiOnsibWVzc2FnZSI6IkJBaHBBMHNDQXc9PSIsImV4cCI6bnVsbCwicHVyIjoiYmxvYl9pZCJ9fQ==--256cdb8254264083dd1c25fb4e45d7d56720dbef\/BRAS2412654A\"><\/audio><\/p>\n<p>Pronto para ser analisado no Senado Federal, o projeto de lei complementar que retira dos limites de despesas com pessoal os gastos com terceiriza\u00e7\u00e3o e organiza\u00e7\u00f5es da sociedade civil altera a Lei de Responsabilidade Fiscal <a href=\"https:\/\/www.planalto.gov.br\/ccivil_03\/leis\/lcp\/lcp101.htm\" target=\"_blank\" rel=\"noopener\">(LRF)<\/a>.\u00a0<\/p>\n<p>Essa medida, na avalia\u00e7\u00e3o do economista Renan Gomes de Pieri, d\u00e1 condi\u00e7\u00f5es para os gestores p\u00fablicos, principalmente de estados e munic\u00edpios, gerirem o or\u00e7amento de maneira mais flex\u00edvel.\u00a0<\/p>\n<p>\u201cA lei precisava passar por ajustes\u00a0e essa flexibilidade pode ser bem-vinda, dado que\u00a0cada munic\u00edpio ou estado tem uma necessidade diferente. N\u00e3o faz sentido a gente ficar limitando a composi\u00e7\u00e3o do or\u00e7amento, o que vai para funcion\u00e1rios, o que vai para outras \u00e1reas, de maneira muito dura\u201d, destaca.\u00a0<\/p>\n<p>Atualmente, a legisla\u00e7\u00e3o estabelece limites de gastos com pessoal, como percentual das receitas, para os tr\u00eas Poderes da Uni\u00e3o, dos estados, do Distrito Federal e dos munic\u00edpios. A distribui\u00e7\u00e3o \u00e9 feita da seguinte forma:<\/p>\n<p><strong>Uni\u00e3o (50%):<\/strong><\/p>\n<ul>\n<li>2,5 % para o Poder Legislativo, incluindo o Tribunal de Contas<\/li>\n<li>6 % para o Judici\u00e1rio<\/li>\n<li>0,6 % para o Minist\u00e9rio P\u00fablico da Uni\u00e3o<\/li>\n<li>3 % para custeio de despesas do DF e de ex territ\u00f3rios<\/li>\n<li>37,9% para o Poder Executivo \u00a0<\/li>\n<\/ul>\n<p><strong>Estados (60%):<\/strong><\/p>\n<ul>\n<li>3% para o Poder Legislativo, incluindo o Tribunal de Contas<\/li>\n<li>6% para o Poder Judici\u00e1rio<\/li>\n<li>2% para o Minist\u00e9rio P\u00fablico<\/li>\n<li>49% para as demais despesas de pessoal do Executivo.\u00a0<\/li>\n<\/ul>\n<p><strong>Munic\u00edpios (60%)<\/strong><\/p>\n<ul>\n<li>6% para o Legislativo, incluindo o Tribunal de Contas<\/li>\n<li>54% para o Executivo<\/li>\n<\/ul>\n<p>Entre as situa\u00e7\u00f5es inclu\u00eddas na nova norma est\u00e3o casos em que a despesa se caracteriza como fomento p\u00fablico de atividades do terceiro setor por meio de subven\u00e7\u00f5es sociais; e presta\u00e7\u00e3o de servi\u00e7os por meio da contrata\u00e7\u00e3o de empresas, de organiza\u00e7\u00f5es sociais, de organiza\u00e7\u00f5es da sociedade civil, de cooperativas ou de cons\u00f3rcios p\u00fablicos.\u00a0<\/p>\n<p><a href=\"https:\/\/brasil61.com\/n\/fpm-uniao-repassa-r-1-3-bilhao-nesta-sexta-feira-20-veja-quanto-seu-municipio-vai-receber-bras2412647\" target=\"_blank\" rel=\"noopener\">FPM: Uni\u00e3o repassa R$ 1,3 bilh\u00e3o, nesta sexta-feira (20); veja quanto seu munic\u00edpio vai receber<\/a><\/p>\n<p><a href=\"https:\/\/brasil61.com\/n\/reforma-tributaria-audiencia-no-senado-debatera-alteracoes-para-o-simples-nacional-bras2412649\" target=\"_blank\" rel=\"noopener\">Reforma tribut\u00e1ria: audi\u00eancia no Senado debater\u00e1 altera\u00e7\u00f5es para o Simples Nacional<\/a><\/p>\n<p>Apesar de considerar a medida favor\u00e1vel, o especialista em or\u00e7amento p\u00fablico, Cesar Lima, afirma que os gestores precisam ficar atentos para n\u00e3o empregarem essa flexibiliza\u00e7\u00e3o de maneira irrespons\u00e1vel.\u00a0<\/p>\n<p>\u201cPode ter tamb\u00e9m um lado ruim, de o gestor achar que \u00e9 um espa\u00e7o para se colocar mais pessoas dentro da prefeitura. Isso varia de gestor para gestor. Aquele com um perfil desenvolvimentista vai utilizar isso para aumentar a capacidade de investimento. J\u00e1 um gestor com uma pegada mais paternalista vai utilizar isso para colocar mais pessoas dentro da m\u00e1quina p\u00fablica\u201d, considera.\u00a0<\/p>\n<p>O projeto aprovado \u00e9 um substitutivo da deputada Nely Aquino (MG) para o Projeto de Lei Complementar <a href=\"https:\/\/www.camara.leg.br\/proposicoesWeb\/fichadetramitacao?idProposicao=541855&amp;fichaAmigavel=nao\" target=\"_blank\" rel=\"noopener\">(PLP) 164\/12<\/a>, que foi apresentado pela deputada Elcione Barbalho (PA).\u00a0<\/p>\n<p>\t\t\t\t\t\t\t\t\t<img loading=\"lazy\" decoding=\"async\" src=\"https:\/\/brasil61.com\/api\/v1\/serve_pixel\/17677\/77105\" alt=\"Pixel Brasil 61\" class=\"b61_pixel\" width=\"0\" height=\"0\"><\/p>\n<input type=\"hidden\" id=\"baseurl\" value=\"https:\/\/noticiasdestaque.com.br\"><input type=\"hidden\" id=\"audio_nonce\" value=\"6f73a554f1\">","protected":false},"excerpt":{"rendered":"<p>Atualmente, a legisla\u00e7\u00e3o prev\u00ea limites de gastos com pessoal de 60% para a Uni\u00e3o e de 60% para estados e munic\u00edpios <\/p>\n","protected":false},"author":1,"featured_media":38382,"comment_status":"open","ping_status":"open","sticky":false,"template":"","format":"standard","meta":{"fifu_image_url":"","fifu_image_alt":"","footnotes":""},"categories":[59],"tags":[],"class_list":["post-38381","post","type-post","status-publish","format-standard","has-post-thumbnail","hentry","category-economia"],"distributor_meta":false,"distributor_terms":false,"distributor_media":false,"distributor_original_site_name":"Noticias em Destaque","distributor_original_site_url":"https:\/\/noticiasdestaque.com.br","push-errors":false,"_links":{"self":[{"href":"https:\/\/noticiasdestaque.com.br\/index.php\/wp-json\/wp\/v2\/posts\/38381","targetHints":{"allow":["GET"]}}],"collection":[{"href":"https:\/\/noticiasdestaque.com.br\/index.php\/wp-json\/wp\/v2\/posts"}],"about":[{"href":"https:\/\/noticiasdestaque.com.br\/index.php\/wp-json\/wp\/v2\/types\/post"}],"author":[{"embeddable":true,"href":"https:\/\/noticiasdestaque.com.br\/index.php\/wp-json\/wp\/v2\/users\/1"}],"replies":[{"embeddable":true,"href":"https:\/\/noticiasdestaque.com.br\/index.php\/wp-json\/wp\/v2\/comments?post=38381"}],"version-history":[{"count":0,"href":"https:\/\/noticiasdestaque.com.br\/index.php\/wp-json\/wp\/v2\/posts\/38381\/revisions"}],"wp:featuredmedia":[{"embeddable":true,"href":"https:\/\/noticiasdestaque.com.br\/index.php\/wp-json\/wp\/v2\/media\/38382"}],"wp:attachment":[{"href":"https:\/\/noticiasdestaque.com.br\/index.php\/wp-json\/wp\/v2\/media?parent=38381"}],"wp:term":[{"taxonomy":"category","embeddable":true,"href":"https:\/\/noticiasdestaque.com.br\/index.php\/wp-json\/wp\/v2\/categories?post=38381"},{"taxonomy":"post_tag","embeddable":true,"href":"https:\/\/noticiasdestaque.com.br\/index.php\/wp-json\/wp\/v2\/tags?post=38381"}],"curies":[{"name":"wp","href":"https:\/\/api.w.org\/{rel}","templated":true}]}}