{"id":38327,"date":"2024-09-16T18:00:00","date_gmt":"2024-09-16T21:00:00","guid":{"rendered":"https:\/\/noticiasdestaque.com.br\/index.php\/2024\/09\/16\/previsao-do-tempo-terca-feira-17-com-alerta-para-acumulado-de-chuva-em-sao-paulo\/"},"modified":"2024-09-16T18:00:00","modified_gmt":"2024-09-16T21:00:00","slug":"previsao-do-tempo-terca-feira-17-com-alerta-para-acumulado-de-chuva-em-sao-paulo","status":"publish","type":"post","link":"https:\/\/noticiasdestaque.com.br\/index.php\/2024\/09\/16\/previsao-do-tempo-terca-feira-17-com-alerta-para-acumulado-de-chuva-em-sao-paulo\/","title":{"rendered":"PREVIS\u00c3O DO TEMPO: ter\u00e7a-feira (17) com alerta para acumulado de chuva em S\u00e3o Paulo"},"content":{"rendered":"<p>\t\t\t\t\t\t\t\t\t\t<audio controls class=\"b61_audio_player\" data-noticia=\"77060\" src=\"https:\/\/brasil61.com\/rails\/active_storage\/blobs\/eyJfcmFpbHMiOnsibWVzc2FnZSI6IkJBaHBBL1lCQXc9PSIsImV4cCI6bnVsbCwicHVyIjoiYmxvYl9pZCJ9fQ==--fce0158fd8efd0cfcf235589da78f771e1ed7f04\/PTSD243815A\"><\/audio><\/p>\n<p>Nesta ter\u00e7a-feira (17), o Instituto Nacional de Meteorologia (Inmet) alerta para perigo potencial de acumulado de chuva na Metropolitana de S\u00e3o Paulo, Itapetininga, Macro Metropolitana, Vale do Para\u00edba e Litoral Sul Paulista.<\/p>\n<p>O dia come\u00e7a com pancadas de chuva no Litoral Sul Paulista, Metropolitana de S\u00e3o Paulo, Vale do Para\u00edba Paulista, Macro Metropolitana Paulista, Itapetininga, Campinas e Piracicaba. Possibilidade de chuva nas microrregi\u00f5es de S\u00e3o Joaquim da Barra, Ituverava, Franca e Batatais.\u00a0<\/p>\n<p>Durante a tarde, chuvas isoladas no Vale do Para\u00edba, litoral sul e Metropolitana de S\u00e3o Paulo. Possibilidade de chuva nas microrregi\u00f5es de Ituverava e Franca. \u00c0 noite, as chuvas continuam no Vale do Para\u00edba, Litoral Sul e Metropolitana de S\u00e3o Paulo.<\/p>\n<p>A temperatura m\u00ednima fica em torno de 8\u00b0C, em S\u00e3o Jos\u00e9 do Barreiro, e a m\u00e1xima prevista \u00e9 de 37\u00baC, em Pedregulho. A umidade relativa do ar varia entre 55% e 95%.<\/p>\n<p>As informa\u00e7\u00f5es s\u00e3o do Instituto Nacional de Meteorologia.<br \/>\n\u00a0<\/p>\n<p>\t\t\t\t\t\t\t\t\t<img loading=\"lazy\" decoding=\"async\" src=\"https:\/\/brasil61.com\/api\/v1\/serve_pixel\/17677\/77060\" alt=\"Pixel Brasil 61\" class=\"b61_pixel\" width=\"0\" height=\"0\"><\/p>\n<input type=\"hidden\" id=\"baseurl\" value=\"https:\/\/noticiasdestaque.com.br\"><input type=\"hidden\" id=\"audio_nonce\" value=\"5128c810d9\">","protected":false},"excerpt":{"rendered":"<p>A temperatura pode variar entre 8\u00baC e 37\u00baC<\/p>\n","protected":false},"author":1,"featured_media":38328,"comment_status":"open","ping_status":"open","sticky":false,"template":"","format":"standard","meta":{"fifu_image_url":"","fifu_image_alt":"","footnotes":""},"categories":[58],"tags":[],"class_list":["post-38327","post","type-post","status-publish","format-standard","has-post-thumbnail","hentry","category-cotidiano"],"distributor_meta":false,"distributor_terms":false,"distributor_media":false,"distributor_original_site_name":"Noticias em Destaque","distributor_original_site_url":"https:\/\/noticiasdestaque.com.br","push-errors":false,"_links":{"self":[{"href":"https:\/\/noticiasdestaque.com.br\/index.php\/wp-json\/wp\/v2\/posts\/38327","targetHints":{"allow":["GET"]}}],"collection":[{"href":"https:\/\/noticiasdestaque.com.br\/index.php\/wp-json\/wp\/v2\/posts"}],"about":[{"href":"https:\/\/noticiasdestaque.com.br\/index.php\/wp-json\/wp\/v2\/types\/post"}],"author":[{"embeddable":true,"href":"https:\/\/noticiasdestaque.com.br\/index.php\/wp-json\/wp\/v2\/users\/1"}],"replies":[{"embeddable":true,"href":"https:\/\/noticiasdestaque.com.br\/index.php\/wp-json\/wp\/v2\/comments?post=38327"}],"version-history":[{"count":0,"href":"https:\/\/noticiasdestaque.com.br\/index.php\/wp-json\/wp\/v2\/posts\/38327\/revisions"}],"wp:featuredmedia":[{"embeddable":true,"href":"https:\/\/noticiasdestaque.com.br\/index.php\/wp-json\/wp\/v2\/media\/38328"}],"wp:attachment":[{"href":"https:\/\/noticiasdestaque.com.br\/index.php\/wp-json\/wp\/v2\/media?parent=38327"}],"wp:term":[{"taxonomy":"category","embeddable":true,"href":"https:\/\/noticiasdestaque.com.br\/index.php\/wp-json\/wp\/v2\/categories?post=38327"},{"taxonomy":"post_tag","embeddable":true,"href":"https:\/\/noticiasdestaque.com.br\/index.php\/wp-json\/wp\/v2\/tags?post=38327"}],"curies":[{"name":"wp","href":"https:\/\/api.w.org\/{rel}","templated":true}]}}