{"id":38291,"date":"2024-09-16T18:00:00","date_gmt":"2024-09-16T21:00:00","guid":{"rendered":"https:\/\/noticiasdestaque.com.br\/index.php\/2024\/09\/16\/previsao-do-tempo-terca-feira-17-com-possibilidade-de-geada-em-santa-catarina\/"},"modified":"2024-09-16T18:00:00","modified_gmt":"2024-09-16T21:00:00","slug":"previsao-do-tempo-terca-feira-17-com-possibilidade-de-geada-em-santa-catarina","status":"publish","type":"post","link":"https:\/\/noticiasdestaque.com.br\/index.php\/2024\/09\/16\/previsao-do-tempo-terca-feira-17-com-possibilidade-de-geada-em-santa-catarina\/","title":{"rendered":"PREVIS\u00c3O DO TEMPO: ter\u00e7a-feira (17) com possibilidade de geada em Santa Catarina"},"content":{"rendered":"<p>\t\t\t\t\t\t\t\t\t\t<audio controls class=\"b61_audio_player\" data-noticia=\"77042\" src=\"https:\/\/brasil61.com\/rails\/active_storage\/blobs\/eyJfcmFpbHMiOnsibWVzc2FnZSI6IkJBaHBBOWdCQXc9PSIsImV4cCI6bnVsbCwicHVyIjoiYmxvYl9pZCJ9fQ==--441680434e636c9b821850814746b21b4fa07138\/PTRS243699A\"><\/audio><\/p>\n<p>Nesta ter\u00e7a-feira (17), o dia come\u00e7a com possibilidade de geada no sul catarinense e na microrregi\u00e3o de Campos de Lages. Nas demais regi\u00f5es de Santa Catarina, h\u00e1 varia\u00e7\u00e3o de nuvens. Durante a tarde e \u00e0 noite, poucas nuvens em todo o estado e sem previs\u00e3o de geadas em cidades como Mafra, Conc\u00f3rdia, Xanxer\u00ea e demais munic\u00edpios Catarinenses. \u00a0<\/p>\n<p>A temperatura m\u00ednima fica em torno de 5\u00b0C, em S\u00e3o Joaquim, e a m\u00e1xima prevista \u00e9 de 27\u00baC, em \u00c1guas de Chapec\u00f3. A umidade relativa do ar varia entre 60% e 90%.<\/p>\n<p>As informa\u00e7\u00f5es s\u00e3o do Instituto Nacional de Meteorologia.<br \/>\n\u00a0<\/p>\n<p>\t\t\t\t\t\t\t\t\t<img loading=\"lazy\" decoding=\"async\" src=\"https:\/\/brasil61.com\/api\/v1\/serve_pixel\/17677\/77042\" alt=\"Pixel Brasil 61\" class=\"b61_pixel\" width=\"0\" height=\"0\"><\/p>\n<input type=\"hidden\" id=\"baseurl\" value=\"https:\/\/noticiasdestaque.com.br\"><input type=\"hidden\" id=\"audio_nonce\" value=\"34245022d4\">","protected":false},"excerpt":{"rendered":"<p>A temperatura pode variar entre 5\u00baC e 27\u00b0C<\/p>\n","protected":false},"author":1,"featured_media":38292,"comment_status":"open","ping_status":"open","sticky":false,"template":"","format":"standard","meta":{"fifu_image_url":"","fifu_image_alt":"","footnotes":""},"categories":[58],"tags":[],"class_list":["post-38291","post","type-post","status-publish","format-standard","has-post-thumbnail","hentry","category-cotidiano"],"distributor_meta":false,"distributor_terms":false,"distributor_media":false,"distributor_original_site_name":"Noticias em Destaque","distributor_original_site_url":"https:\/\/noticiasdestaque.com.br","push-errors":false,"_links":{"self":[{"href":"https:\/\/noticiasdestaque.com.br\/index.php\/wp-json\/wp\/v2\/posts\/38291","targetHints":{"allow":["GET"]}}],"collection":[{"href":"https:\/\/noticiasdestaque.com.br\/index.php\/wp-json\/wp\/v2\/posts"}],"about":[{"href":"https:\/\/noticiasdestaque.com.br\/index.php\/wp-json\/wp\/v2\/types\/post"}],"author":[{"embeddable":true,"href":"https:\/\/noticiasdestaque.com.br\/index.php\/wp-json\/wp\/v2\/users\/1"}],"replies":[{"embeddable":true,"href":"https:\/\/noticiasdestaque.com.br\/index.php\/wp-json\/wp\/v2\/comments?post=38291"}],"version-history":[{"count":0,"href":"https:\/\/noticiasdestaque.com.br\/index.php\/wp-json\/wp\/v2\/posts\/38291\/revisions"}],"wp:featuredmedia":[{"embeddable":true,"href":"https:\/\/noticiasdestaque.com.br\/index.php\/wp-json\/wp\/v2\/media\/38292"}],"wp:attachment":[{"href":"https:\/\/noticiasdestaque.com.br\/index.php\/wp-json\/wp\/v2\/media?parent=38291"}],"wp:term":[{"taxonomy":"category","embeddable":true,"href":"https:\/\/noticiasdestaque.com.br\/index.php\/wp-json\/wp\/v2\/categories?post=38291"},{"taxonomy":"post_tag","embeddable":true,"href":"https:\/\/noticiasdestaque.com.br\/index.php\/wp-json\/wp\/v2\/tags?post=38291"}],"curies":[{"name":"wp","href":"https:\/\/api.w.org\/{rel}","templated":true}]}}