{"id":38283,"date":"2024-09-15T18:36:00","date_gmt":"2024-09-15T21:36:00","guid":{"rendered":"https:\/\/noticiasdestaque.com.br\/index.php\/2024\/09\/15\/previsao-do-tempo-sudeste-segue-sem-previsao-de-chuva-nesta-segunda-feira-16\/"},"modified":"2024-09-15T18:36:00","modified_gmt":"2024-09-15T21:36:00","slug":"previsao-do-tempo-sudeste-segue-sem-previsao-de-chuva-nesta-segunda-feira-16","status":"publish","type":"post","link":"https:\/\/noticiasdestaque.com.br\/index.php\/2024\/09\/15\/previsao-do-tempo-sudeste-segue-sem-previsao-de-chuva-nesta-segunda-feira-16\/","title":{"rendered":"PREVIS\u00c3O DO TEMPO: Sudeste segue sem previs\u00e3o de chuva, nesta segunda-feira (16)"},"content":{"rendered":"<p>\t\t\t\t\t\t\t\t\t\t<audio controls class=\"b61_audio_player\" data-noticia=\"76911\" src=\"https:\/\/brasil61.com\/rails\/active_storage\/blobs\/eyJfcmFpbHMiOnsibWVzc2FnZSI6IkJBaHBBeWdCQXc9PSIsImV4cCI6bnVsbCwicHVyIjoiYmxvYl9pZCJ9fQ==--9aea20a42cf3cc0db60958a96e854c50a8c1438c\/PTSD243814A\"><\/audio><\/p>\n<p>O Sudeste brasileiro ter\u00e1 uma segunda-feira (16) de c\u00e9u com varia\u00e7\u00e3o entre muitas e poucas nuvens, sem chances de chuva. Em alguns munic\u00edpios de Minas Gerais, como Pratinha e Capit\u00e3o En\u00e9as, h\u00e1, inclusive previs\u00e3o de n\u00e9voa seca.\u00a0<\/p>\n<p>Para cidades de S\u00e3o Paulo, Rio de Janeiro e Esp\u00edrito Santo, a predomin\u00e2ncia \u00e9 de c\u00e9u com muitas nuvens, condi\u00e7\u00e3o que pode ser notada em cidades como Jacupiranga (SP), Trajano de Moraes (RJ) e S\u00e3o Domingos do Norte (ES).<\/p>\n<p>Entre as capitais, a temperatura m\u00ednima prevista \u00e9 de 16\u00b0C, em Belo Horizonte (MG), enquanto a m\u00e1xima esperada \u00e9 de 39\u00b0C, no Rio de Janeiro (RJ). A umidade relativa do ar varia entre 25% e 100%.<\/p>\n<p>As informa\u00e7\u00f5es s\u00e3o do Instituto Nacional de Meteorologia.\u00a0<\/p>\n<p>Marquezan Ara\u00fajo, o tempo e a temperatura<\/p>\n<p>\t\t\t\t\t\t\t\t\t<img loading=\"lazy\" decoding=\"async\" src=\"https:\/\/brasil61.com\/api\/v1\/serve_pixel\/17677\/76911\" alt=\"Pixel Brasil 61\" class=\"b61_pixel\" width=\"0\" height=\"0\"><\/p>\n<input type=\"hidden\" id=\"baseurl\" value=\"https:\/\/noticiasdestaque.com.br\"><input type=\"hidden\" id=\"audio_nonce\" value=\"6f73a554f1\">","protected":false},"excerpt":{"rendered":"<p>Para cidades de S\u00e3o Paulo, Rio de Janeiro e Esp\u00edrito Santo, a predomin\u00e2ncia \u00e9 de c\u00e9u com muitas nuvens<\/p>\n","protected":false},"author":1,"featured_media":38284,"comment_status":"open","ping_status":"open","sticky":false,"template":"","format":"standard","meta":{"fifu_image_url":"","fifu_image_alt":"","footnotes":""},"categories":[58],"tags":[],"class_list":["post-38283","post","type-post","status-publish","format-standard","has-post-thumbnail","hentry","category-cotidiano"],"distributor_meta":false,"distributor_terms":false,"distributor_media":false,"distributor_original_site_name":"Noticias em Destaque","distributor_original_site_url":"https:\/\/noticiasdestaque.com.br","push-errors":false,"_links":{"self":[{"href":"https:\/\/noticiasdestaque.com.br\/index.php\/wp-json\/wp\/v2\/posts\/38283","targetHints":{"allow":["GET"]}}],"collection":[{"href":"https:\/\/noticiasdestaque.com.br\/index.php\/wp-json\/wp\/v2\/posts"}],"about":[{"href":"https:\/\/noticiasdestaque.com.br\/index.php\/wp-json\/wp\/v2\/types\/post"}],"author":[{"embeddable":true,"href":"https:\/\/noticiasdestaque.com.br\/index.php\/wp-json\/wp\/v2\/users\/1"}],"replies":[{"embeddable":true,"href":"https:\/\/noticiasdestaque.com.br\/index.php\/wp-json\/wp\/v2\/comments?post=38283"}],"version-history":[{"count":0,"href":"https:\/\/noticiasdestaque.com.br\/index.php\/wp-json\/wp\/v2\/posts\/38283\/revisions"}],"wp:featuredmedia":[{"embeddable":true,"href":"https:\/\/noticiasdestaque.com.br\/index.php\/wp-json\/wp\/v2\/media\/38284"}],"wp:attachment":[{"href":"https:\/\/noticiasdestaque.com.br\/index.php\/wp-json\/wp\/v2\/media?parent=38283"}],"wp:term":[{"taxonomy":"category","embeddable":true,"href":"https:\/\/noticiasdestaque.com.br\/index.php\/wp-json\/wp\/v2\/categories?post=38283"},{"taxonomy":"post_tag","embeddable":true,"href":"https:\/\/noticiasdestaque.com.br\/index.php\/wp-json\/wp\/v2\/tags?post=38283"}],"curies":[{"name":"wp","href":"https:\/\/api.w.org\/{rel}","templated":true}]}}