{"id":38265,"date":"2024-09-16T18:41:52","date_gmt":"2024-09-16T21:41:52","guid":{"rendered":"https:\/\/noticiasdestaque.com.br\/index.php\/2024\/09\/16\/karina-joaquim-a-eterna-musa-do-vasco-ruma-a-europa-para-estampar-capa-de-revista\/"},"modified":"2024-09-16T18:41:52","modified_gmt":"2024-09-16T21:41:52","slug":"karina-joaquim-a-eterna-musa-do-vasco-ruma-a-europa-para-estampar-capa-de-revista","status":"publish","type":"post","link":"https:\/\/noticiasdestaque.com.br\/index.php\/2024\/09\/16\/karina-joaquim-a-eterna-musa-do-vasco-ruma-a-europa-para-estampar-capa-de-revista\/","title":{"rendered":"Karina Joaquim: a eterna Musa do Vasco ruma \u00e0 Europa para estampar capa de revista"},"content":{"rendered":"\n<p>Com a carreira em ascens\u00e3o, <a href=\"https:\/\/celebs.com.br\/9797\/antes-de-viagem-internacional-musa-do-vasco-karina-joaquim-desembarca-nos-lencois-maranhenses\/\" data-type=\"post\" data-id=\"9797\">Karina Joaquim<\/a> aceitou um convite que promete alavancar ainda mais sua fama: ela est\u00e1 de malas prontas para embarcar para a Europa, onde participar\u00e1 de um tour que promete ser um marco em sua trajet\u00f3ria.<\/p>\n\n\n\n<p>Reconhecida como uma das musas do Brasileir\u00e3o mais queridas e requisitadas da atualidade, Karina \u00e9 um verdadeiro fen\u00f4meno. Ela conquistou o t\u00edtulo de <strong>Musa do Vasco da Gama<\/strong>, clube pelo qual se tornou \u00edcone e refer\u00eancia, sendo conhecida por seu carisma e presen\u00e7a marcante\u2014atributos que a levaram a ser eternamente associada ao time carioca.<\/p>\n\n\n\n<p>Al\u00e9m disso, Karina fechou contrato com uma renomada assessoria europ\u00e9ia, que j\u00e1 lhe garantiu um convite para posar para uma das revistas mais cobi\u00e7adas do mundo. Embora o nome da publica\u00e7\u00e3o ainda seja um mist\u00e9rio, a expectativa \u00e9 alta e os f\u00e3s mal podem esperar para descobrir onde Karina far\u00e1 sua estreia internacional.<\/p>\n\n\n\n<p>Durante esse tour, Karina tamb\u00e9m ir\u00e1 avaliar uma proposta para integrar o elenco de um reality show europeu. Com isso, ela planeja levar consigo o charme, a beleza, a simpatia e a for\u00e7a das mulheres brasileiras, representando o pa\u00eds com muita eleg\u00e2ncia e atitude durante essa turn\u00ea.<\/p>\n\n\n\n<p>&#8220;<em><strong>Esse o tour vai ser bom, ser\u00e1 uma experi\u00eancia incr\u00edvel levar o nome de todas as mulheres brasileiras pela Europa<\/strong><\/em>&#8220;, comenta Karina, animada com as novas oportunidades.<\/p>\n\n\n\n<p>Sua jornada pela Europa come\u00e7ar\u00e1 no final deste m\u00eas, e todos os olhares estar\u00e3o voltados para ela, que segue levando a energia contagiante e o encanto das musas do Brasileir\u00e3o para o mundo.<\/p>\n\n\n\n<p>Acompanhe a viagem de Karina pelo seu instagram <a href=\"https:\/\/www.instagram.com\/_musajk\">@_musajk<\/a>.<\/p>\n\n\n\n<figure class=\"wp-block-gallery has-nested-images columns-1 is-cropped wp-block-gallery-1 is-layout-flex wp-block-gallery-is-layout-flex\">\n<figure class=\"wp-block-image size-large\"><img decoding=\"async\" data-id=\"57045\" src=\"https:\/\/celebs.com.br\/wp-content\/uploads\/2024\/09\/WhatsApp-Image-2024-09-11-at-10.37.51-856x1024.jpeg\" alt=\"\" class=\"wp-image-57045\"\/><\/figure>\n\n\n\n<figure class=\"wp-block-image size-large\"><img decoding=\"async\" data-id=\"57044\" src=\"https:\/\/celebs.com.br\/wp-content\/uploads\/2024\/09\/WhatsApp-Image-2024-09-11-at-10.37.51-1-693x1024.jpeg\" alt=\"\" class=\"wp-image-57044\"\/><\/figure>\n<\/figure>\n\n\n\n<p><\/p>\n<input type=\"hidden\" id=\"baseurl\" value=\"https:\/\/noticiasdestaque.com.br\"><input type=\"hidden\" id=\"audio_nonce\" value=\"6a24ca502e\">","protected":false},"excerpt":{"rendered":"<p>Com a carreira em ascens\u00e3o, Karina Joaquim aceitou um convite que promete alavancar ainda mais sua fama: ela est\u00e1 de malas prontas para embarcar para a Europa, onde participar\u00e1 de um tour que promete ser um marco em sua trajet\u00f3ria. Reconhecida como uma das musas do Brasileir\u00e3o mais queridas e requisitadas da atualidade, Karina \u00e9 [&hellip;]<\/p>\n","protected":false},"author":1,"featured_media":38266,"comment_status":"open","ping_status":"open","sticky":false,"template":"","format":"standard","meta":{"fifu_image_url":"","fifu_image_alt":"","footnotes":""},"categories":[52],"tags":[],"class_list":["post-38265","post","type-post","status-publish","format-standard","has-post-thumbnail","hentry","category-entretenimento"],"distributor_meta":false,"distributor_terms":false,"distributor_media":false,"distributor_original_site_name":"Portal de Recupera\u00e7\u00e3o","distributor_original_site_url":"https:\/\/portalderecuperacao.com","push-errors":false,"_links":{"self":[{"href":"https:\/\/noticiasdestaque.com.br\/index.php\/wp-json\/wp\/v2\/posts\/38265","targetHints":{"allow":["GET"]}}],"collection":[{"href":"https:\/\/noticiasdestaque.com.br\/index.php\/wp-json\/wp\/v2\/posts"}],"about":[{"href":"https:\/\/noticiasdestaque.com.br\/index.php\/wp-json\/wp\/v2\/types\/post"}],"author":[{"embeddable":true,"href":"https:\/\/noticiasdestaque.com.br\/index.php\/wp-json\/wp\/v2\/users\/1"}],"replies":[{"embeddable":true,"href":"https:\/\/noticiasdestaque.com.br\/index.php\/wp-json\/wp\/v2\/comments?post=38265"}],"version-history":[{"count":0,"href":"https:\/\/noticiasdestaque.com.br\/index.php\/wp-json\/wp\/v2\/posts\/38265\/revisions"}],"wp:featuredmedia":[{"embeddable":true,"href":"https:\/\/noticiasdestaque.com.br\/index.php\/wp-json\/wp\/v2\/media\/38266"}],"wp:attachment":[{"href":"https:\/\/noticiasdestaque.com.br\/index.php\/wp-json\/wp\/v2\/media?parent=38265"}],"wp:term":[{"taxonomy":"category","embeddable":true,"href":"https:\/\/noticiasdestaque.com.br\/index.php\/wp-json\/wp\/v2\/categories?post=38265"},{"taxonomy":"post_tag","embeddable":true,"href":"https:\/\/noticiasdestaque.com.br\/index.php\/wp-json\/wp\/v2\/tags?post=38265"}],"curies":[{"name":"wp","href":"https:\/\/api.w.org\/{rel}","templated":true}]}}