{"id":38250,"date":"2024-09-15T04:03:00","date_gmt":"2024-09-15T07:03:00","guid":{"rendered":"https:\/\/noticiasdestaque.com.br\/index.php\/2024\/09\/15\/queimadas-favaro-anuncia-plano-safra-24-25-com-acesso-a-financiamentos-para-produtores-afetados\/"},"modified":"2024-09-15T04:03:00","modified_gmt":"2024-09-15T07:03:00","slug":"queimadas-favaro-anuncia-plano-safra-24-25-com-acesso-a-financiamentos-para-produtores-afetados","status":"publish","type":"post","link":"https:\/\/noticiasdestaque.com.br\/index.php\/2024\/09\/15\/queimadas-favaro-anuncia-plano-safra-24-25-com-acesso-a-financiamentos-para-produtores-afetados\/","title":{"rendered":"Queimadas: F\u00e1varo anuncia Plano Safra 24\/25 com acesso a financiamentos para produtores afetados"},"content":{"rendered":"<p>\t\t\t\t\t\t\t\t\t\t<audio controls class=\"b61_audio_player\" data-noticia=\"76809\" src=\"https:\/\/brasil61.com\/rails\/active_storage\/blobs\/eyJfcmFpbHMiOnsibWVzc2FnZSI6IkJBaHBBK3dBQXc9PSIsImV4cCI6bnVsbCwicHVyIjoiYmxvYl9pZCJ9fQ==--f1618e3d706a4e499a138995de131779b7ff7799\/BRAS2412635A\"><\/audio><\/p>\n<p>O ministro da Agricultura e Pecu\u00e1ria, Carlos F\u00e1varo, anunciou na \u00faltima quinta-feira (12) o acesso a cr\u00e9dito do Plano Safra 24\/25 para os produtores atingidos pelas recentes queimadas registradas no Brasil. A medida dever\u00e1 ser implementada por meio do Programa de Financiamento de Sistemas de Produ\u00e7\u00e3o Agropecu\u00e1ria Sustent\u00e1veis (RenovAgro).\u00a0<\/p>\n<p>Dados mais recentes do Instituto Nacional de Pesquisas Espaciais <a href=\"https:\/\/terrabrasilis.dpi.inpe.br\/queimadas\/situacao-atual\/situacao_atual\/\" target=\"_blank\" rel=\"noopener\">(INPE)<\/a> apontam que, s\u00f3 em 2024, at\u00e9 essa quinta-feira, o Brasil havia registrado mais de 176 mil\u00a0focos de queimadas, com destaque para o estado do Mato Grosso, que contava com mais de 39 mil focos.<\/p>\n<p>Para esta safra, foram disponibilizados R$ 7,6 bilh\u00f5es. Desse total R$ 1,2 bilh\u00e3o j\u00e1 foi contratado e liberado aos produtores rurais. De acordo com informa\u00e7\u00f5es disponibilizadas pelo <a href=\"https:\/\/www.gov.br\/agricultura\/pt-br\" target=\"_blank\" rel=\"noopener\">Minist\u00e9rio da Agricultura e Pecu\u00e1ria<\/a>, os R$ 6,5 bilh\u00f5es restantes devem ser destinados aos afetados pelas queimadas.<\/p>\n<p>Pecuarista de leite e produtor de milho para silagem, Mirgon Jung, morador de Salgado Filho (PR), diz que todo ano busca financiamento via Plano Safra. &#8220;A gente usa o cr\u00e9dito para comprar semente, adubo, herbicidas, inseticidas, para que a gente possa produzir e, tamb\u00e9m, combust\u00edvel para poder usar no trator&#8221;, afirma.\u00a0<\/p>\n<p><a href=\"https:\/\/brasil61.com\/n\/brasil-ja-registrou-172-mil-focos-de-incendio-em-2024-veja-como-minimizar-impactos-na-saude-bras2412500\" target=\"_blank\" rel=\"noopener\">Brasil j\u00e1 registrou 172 mil focos de inc\u00eandio em 2024; veja como minimizar impactos na sa\u00fade<\/a><\/p>\n<p>Segundo F\u00e1varo, os recursos dessa linha de cr\u00e9dito devem incentivar a produ\u00e7\u00e3o em \u00e1reas de baixa produtividade, uma vez que as queimadas tornam as \u00e1reas afetadas improdutivas e degradadas.<\/p>\n<p>De acordo com o <a href=\"https:\/\/www.gov.br\/mma\/pt-br\" target=\"_blank\" rel=\"noopener\">Minist\u00e9rio do Meio Ambiente<\/a>, a quantidade de focos de inc\u00eandio ao mesmo tempo em diferentes localidades levou as autoridades a abrir investiga\u00e7\u00e3o para saber se parte deles \u00e9 de origem criminosa. At\u00e9 o final de agosto, pelos menos 31 inqu\u00e9ritos haviam sido abertos entre Amaz\u00f4nia e Pantanal e dois em S\u00e3o Paulo.\u00a0<br \/>\n\u00a0<\/p>\n<p>\t\t\t\t\t\t\t\t\t<img loading=\"lazy\" decoding=\"async\" src=\"https:\/\/brasil61.com\/api\/v1\/serve_pixel\/17677\/76809\" alt=\"Pixel Brasil 61\" class=\"b61_pixel\" width=\"0\" height=\"0\"><\/p>\n<input type=\"hidden\" id=\"baseurl\" value=\"https:\/\/noticiasdestaque.com.br\"><input type=\"hidden\" id=\"audio_nonce\" value=\"6a24ca502e\">","protected":false},"excerpt":{"rendered":"<p>De acordo com informa\u00e7\u00f5es disponibilizadas pelo Minist\u00e9rio da Agricultura e Pecu\u00e1ria, R$ 6,5 bilh\u00f5es devem ser destinados aos afetados pelas queimadas<\/p>\n","protected":false},"author":1,"featured_media":38251,"comment_status":"open","ping_status":"open","sticky":false,"template":"","format":"standard","meta":{"fifu_image_url":"","fifu_image_alt":"","footnotes":""},"categories":[59],"tags":[],"class_list":["post-38250","post","type-post","status-publish","format-standard","has-post-thumbnail","hentry","category-economia"],"distributor_meta":false,"distributor_terms":false,"distributor_media":false,"distributor_original_site_name":"Noticias em Destaque","distributor_original_site_url":"https:\/\/noticiasdestaque.com.br","push-errors":false,"_links":{"self":[{"href":"https:\/\/noticiasdestaque.com.br\/index.php\/wp-json\/wp\/v2\/posts\/38250","targetHints":{"allow":["GET"]}}],"collection":[{"href":"https:\/\/noticiasdestaque.com.br\/index.php\/wp-json\/wp\/v2\/posts"}],"about":[{"href":"https:\/\/noticiasdestaque.com.br\/index.php\/wp-json\/wp\/v2\/types\/post"}],"author":[{"embeddable":true,"href":"https:\/\/noticiasdestaque.com.br\/index.php\/wp-json\/wp\/v2\/users\/1"}],"replies":[{"embeddable":true,"href":"https:\/\/noticiasdestaque.com.br\/index.php\/wp-json\/wp\/v2\/comments?post=38250"}],"version-history":[{"count":0,"href":"https:\/\/noticiasdestaque.com.br\/index.php\/wp-json\/wp\/v2\/posts\/38250\/revisions"}],"wp:featuredmedia":[{"embeddable":true,"href":"https:\/\/noticiasdestaque.com.br\/index.php\/wp-json\/wp\/v2\/media\/38251"}],"wp:attachment":[{"href":"https:\/\/noticiasdestaque.com.br\/index.php\/wp-json\/wp\/v2\/media?parent=38250"}],"wp:term":[{"taxonomy":"category","embeddable":true,"href":"https:\/\/noticiasdestaque.com.br\/index.php\/wp-json\/wp\/v2\/categories?post=38250"},{"taxonomy":"post_tag","embeddable":true,"href":"https:\/\/noticiasdestaque.com.br\/index.php\/wp-json\/wp\/v2\/tags?post=38250"}],"curies":[{"name":"wp","href":"https:\/\/api.w.org\/{rel}","templated":true}]}}