{"id":38240,"date":"2024-09-14T18:00:00","date_gmt":"2024-09-14T21:00:00","guid":{"rendered":"https:\/\/noticiasdestaque.com.br\/index.php\/2024\/09\/14\/previsao-do-tempo-nevoa-seca-se-espalha-pelo-sudeste-neste-domingo-15\/"},"modified":"2024-09-14T18:00:00","modified_gmt":"2024-09-14T21:00:00","slug":"previsao-do-tempo-nevoa-seca-se-espalha-pelo-sudeste-neste-domingo-15","status":"publish","type":"post","link":"https:\/\/noticiasdestaque.com.br\/index.php\/2024\/09\/14\/previsao-do-tempo-nevoa-seca-se-espalha-pelo-sudeste-neste-domingo-15\/","title":{"rendered":"PREVIS\u00c3O DO TEMPO: N\u00e9voa seca se espalha pelo Sudeste, neste domingo (15)"},"content":{"rendered":"<p>\t\t\t\t\t\t\t\t\t\t<audio controls class=\"b61_audio_player\" data-noticia=\"76889\" src=\"https:\/\/brasil61.com\/rails\/active_storage\/blobs\/eyJfcmFpbHMiOnsibWVzc2FnZSI6IkJBaHBBd29CQXc9PSIsImV4cCI6bnVsbCwicHVyIjoiYmxvYl9pZCJ9fQ==--08130982a6d9fc6c863193bb0d67eff4adc4aef6\/PTSD243813A\"><\/audio><\/p>\n<p>Uma n\u00e9voa seca se espalha pela regi\u00e3o Sudeste, neste domingo (15), atingindo cidades de S\u00e3o Paulo, Minas Gerais e Rio de Janeiro. A condi\u00e7\u00e3o ser\u00e1 percebida nos munic\u00edpios fluminenses de Tr\u00eas Rios e Itaperuna; al\u00e9m de paulistas como Campinas e Tabapu\u00e3.\u00a0<\/p>\n<p>Na regi\u00e3o, apenas o estado do Esp\u00edrito Santo n\u00e3o conta com essa previs\u00e3o. Por\u00e9m, ainda sem chuvas, a unidade da federa\u00e7\u00e3o ter\u00e1 apenas c\u00e9u com poucas nuvens, o que ser\u00e1 percebido em cidades como Santa Teresa e Vargem Alta.\u00a0<\/p>\n<p>Entre as capitais, a temperatura m\u00ednima prevista \u00e9 de 16\u00b0C, em Belo Horizonte (MG), enquanto a m\u00e1xima esperada \u00e9 de 39\u00b0C, no Rio de Janeiro (RJ). A umidade relativa do ar varia entre 15% e 90%.<\/p>\n<p>As informa\u00e7\u00f5es s\u00e3o do Instituto Nacional de Meteorologia.\u00a0<\/p>\n<p>\u00a0<\/p>\n<p>\t\t\t\t\t\t\t\t\t<img loading=\"lazy\" decoding=\"async\" src=\"https:\/\/brasil61.com\/api\/v1\/serve_pixel\/17677\/76889\" alt=\"Pixel Brasil 61\" class=\"b61_pixel\" width=\"0\" height=\"0\"><\/p>\n<input type=\"hidden\" id=\"baseurl\" value=\"https:\/\/noticiasdestaque.com.br\"><input type=\"hidden\" id=\"audio_nonce\" value=\"6a24ca502e\">","protected":false},"excerpt":{"rendered":"<p>Entre as capitais, a temperatura m\u00ednima prevista \u00e9 de 16\u00b0C, em Belo Horizonte (MG), enquanto a m\u00e1xima esperada \u00e9 de 39\u00b0C, no Rio de Janeiro (RJ)<\/p>\n","protected":false},"author":1,"featured_media":38241,"comment_status":"open","ping_status":"open","sticky":false,"template":"","format":"standard","meta":{"fifu_image_url":"","fifu_image_alt":"","footnotes":""},"categories":[58],"tags":[],"class_list":["post-38240","post","type-post","status-publish","format-standard","has-post-thumbnail","hentry","category-cotidiano"],"distributor_meta":false,"distributor_terms":false,"distributor_media":false,"distributor_original_site_name":"Noticias em Destaque","distributor_original_site_url":"https:\/\/noticiasdestaque.com.br","push-errors":false,"_links":{"self":[{"href":"https:\/\/noticiasdestaque.com.br\/index.php\/wp-json\/wp\/v2\/posts\/38240","targetHints":{"allow":["GET"]}}],"collection":[{"href":"https:\/\/noticiasdestaque.com.br\/index.php\/wp-json\/wp\/v2\/posts"}],"about":[{"href":"https:\/\/noticiasdestaque.com.br\/index.php\/wp-json\/wp\/v2\/types\/post"}],"author":[{"embeddable":true,"href":"https:\/\/noticiasdestaque.com.br\/index.php\/wp-json\/wp\/v2\/users\/1"}],"replies":[{"embeddable":true,"href":"https:\/\/noticiasdestaque.com.br\/index.php\/wp-json\/wp\/v2\/comments?post=38240"}],"version-history":[{"count":0,"href":"https:\/\/noticiasdestaque.com.br\/index.php\/wp-json\/wp\/v2\/posts\/38240\/revisions"}],"wp:featuredmedia":[{"embeddable":true,"href":"https:\/\/noticiasdestaque.com.br\/index.php\/wp-json\/wp\/v2\/media\/38241"}],"wp:attachment":[{"href":"https:\/\/noticiasdestaque.com.br\/index.php\/wp-json\/wp\/v2\/media?parent=38240"}],"wp:term":[{"taxonomy":"category","embeddable":true,"href":"https:\/\/noticiasdestaque.com.br\/index.php\/wp-json\/wp\/v2\/categories?post=38240"},{"taxonomy":"post_tag","embeddable":true,"href":"https:\/\/noticiasdestaque.com.br\/index.php\/wp-json\/wp\/v2\/tags?post=38240"}],"curies":[{"name":"wp","href":"https:\/\/api.w.org\/{rel}","templated":true}]}}