{"id":38238,"date":"2024-09-14T18:00:00","date_gmt":"2024-09-14T21:00:00","guid":{"rendered":"https:\/\/noticiasdestaque.com.br\/index.php\/2024\/09\/14\/previsao-do-tempo-chuvas-atingem-boa-parte-do-norte-neste-domingo-15\/"},"modified":"2024-09-14T18:00:00","modified_gmt":"2024-09-14T21:00:00","slug":"previsao-do-tempo-chuvas-atingem-boa-parte-do-norte-neste-domingo-15","status":"publish","type":"post","link":"https:\/\/noticiasdestaque.com.br\/index.php\/2024\/09\/14\/previsao-do-tempo-chuvas-atingem-boa-parte-do-norte-neste-domingo-15\/","title":{"rendered":"PREVIS\u00c3O DO TEMPO: chuvas atingem boa parte do Norte, neste domingo (15)"},"content":{"rendered":"<p>\t\t\t\t\t\t\t\t\t\t<audio controls class=\"b61_audio_player\" data-noticia=\"76887\" src=\"https:\/\/brasil61.com\/rails\/active_storage\/blobs\/eyJfcmFpbHMiOnsibWVzc2FnZSI6IkJBaHBBd2dCQXc9PSIsImV4cCI6bnVsbCwicHVyIjoiYmxvYl9pZCJ9fQ==--8b0eb47ab2989bd6ee2911bd4fbd81c8a8b7784d\/PTRN244169A\"><\/audio><\/p>\n<p>A regi\u00e3o Norte do Brasil deve contar, neste domingo (15), com chuvas isoladas em estados como Amazonas, Roraima, Acre e Rond\u00f4nia. A condi\u00e7\u00e3o ser\u00e1 notada, por exemplo, em cidades como Cruzeiro do Sul (AC), Atalaia do Norte (AM), Caroebe (RR) e Vale do Anari (RO).\u00a0<\/p>\n<p>Na maior parte do Par\u00e1, Amap\u00e1 e Tocantins a predomin\u00e2ncia \u00e9 de c\u00e9u com varia\u00e7\u00e3o entre muitas e poucas nuvens. Em cidades tocantinenses como Mateiros, Itacaj\u00e1 e Talism\u00e3 h\u00e1, inclusive, presen\u00e7a de n\u00e9voa seca.\u00a0<\/p>\n<p>Em uma pequena \u00e1rea do Par\u00e1, no entanto, mais especificamente na regi\u00e3o da Ilha do Maraj\u00f3, h\u00e1 possibilidade de chuva para este domingo.\u00a0<\/p>\n<p>Entre as capitais, a temperatura m\u00ednima prevista \u00e9 de 23\u00b0C, em Bel\u00e9m (PA), enquanto a m\u00e1xima esperada \u00e9 de 39\u00b0C, em Manaus (AM). A umidade relativa do ar varia entre 20% e 95%.<\/p>\n<p>As informa\u00e7\u00f5es s\u00e3o do Instituto Nacional de Meteorologia.\u00a0<\/p>\n<p>\u00a0<\/p>\n<p>\t\t\t\t\t\t\t\t\t<img loading=\"lazy\" decoding=\"async\" src=\"https:\/\/brasil61.com\/api\/v1\/serve_pixel\/17677\/76887\" alt=\"Pixel Brasil 61\" class=\"b61_pixel\" width=\"0\" height=\"0\"><\/p>\n<input type=\"hidden\" id=\"baseurl\" value=\"https:\/\/noticiasdestaque.com.br\"><input type=\"hidden\" id=\"audio_nonce\" value=\"6a24ca502e\">","protected":false},"excerpt":{"rendered":"<p>Entre as capitais, a temperatura m\u00ednima prevista \u00e9 de 23\u00b0C, em Bel\u00e9m (PA), enquanto a m\u00e1xima esperada \u00e9 de 39\u00b0C, em Manaus (AM)<\/p>\n","protected":false},"author":1,"featured_media":38239,"comment_status":"open","ping_status":"open","sticky":false,"template":"","format":"standard","meta":{"fifu_image_url":"","fifu_image_alt":"","footnotes":""},"categories":[58],"tags":[],"class_list":["post-38238","post","type-post","status-publish","format-standard","has-post-thumbnail","hentry","category-cotidiano"],"distributor_meta":false,"distributor_terms":false,"distributor_media":false,"distributor_original_site_name":"Noticias em Destaque","distributor_original_site_url":"https:\/\/noticiasdestaque.com.br","push-errors":false,"_links":{"self":[{"href":"https:\/\/noticiasdestaque.com.br\/index.php\/wp-json\/wp\/v2\/posts\/38238","targetHints":{"allow":["GET"]}}],"collection":[{"href":"https:\/\/noticiasdestaque.com.br\/index.php\/wp-json\/wp\/v2\/posts"}],"about":[{"href":"https:\/\/noticiasdestaque.com.br\/index.php\/wp-json\/wp\/v2\/types\/post"}],"author":[{"embeddable":true,"href":"https:\/\/noticiasdestaque.com.br\/index.php\/wp-json\/wp\/v2\/users\/1"}],"replies":[{"embeddable":true,"href":"https:\/\/noticiasdestaque.com.br\/index.php\/wp-json\/wp\/v2\/comments?post=38238"}],"version-history":[{"count":0,"href":"https:\/\/noticiasdestaque.com.br\/index.php\/wp-json\/wp\/v2\/posts\/38238\/revisions"}],"wp:featuredmedia":[{"embeddable":true,"href":"https:\/\/noticiasdestaque.com.br\/index.php\/wp-json\/wp\/v2\/media\/38239"}],"wp:attachment":[{"href":"https:\/\/noticiasdestaque.com.br\/index.php\/wp-json\/wp\/v2\/media?parent=38238"}],"wp:term":[{"taxonomy":"category","embeddable":true,"href":"https:\/\/noticiasdestaque.com.br\/index.php\/wp-json\/wp\/v2\/categories?post=38238"},{"taxonomy":"post_tag","embeddable":true,"href":"https:\/\/noticiasdestaque.com.br\/index.php\/wp-json\/wp\/v2\/tags?post=38238"}],"curies":[{"name":"wp","href":"https:\/\/api.w.org\/{rel}","templated":true}]}}