{"id":38230,"date":"2024-09-13T18:00:00","date_gmt":"2024-09-13T21:00:00","guid":{"rendered":"https:\/\/noticiasdestaque.com.br\/index.php\/2024\/09\/13\/previsao-do-tempo-sem-previsao-de-chuva-sudeste-tera-sabado-14-com-muitas-nuvens-e-nevoa-seca\/"},"modified":"2024-09-13T18:00:00","modified_gmt":"2024-09-13T21:00:00","slug":"previsao-do-tempo-sem-previsao-de-chuva-sudeste-tera-sabado-14-com-muitas-nuvens-e-nevoa-seca","status":"publish","type":"post","link":"https:\/\/noticiasdestaque.com.br\/index.php\/2024\/09\/13\/previsao-do-tempo-sem-previsao-de-chuva-sudeste-tera-sabado-14-com-muitas-nuvens-e-nevoa-seca\/","title":{"rendered":"PREVIS\u00c3O DO TEMPO: Sem previs\u00e3o de chuva, Sudeste ter\u00e1 s\u00e1bado (14) com muitas nuvens e n\u00e9voa seca"},"content":{"rendered":"<p>\t\t\t\t\t\t\t\t\t\t<audio controls class=\"b61_audio_player\" data-noticia=\"76879\" src=\"https:\/\/brasil61.com\/rails\/active_storage\/blobs\/eyJfcmFpbHMiOnsibWVzc2FnZSI6IkJBaHBBL1VBQXc9PSIsImV4cCI6bnVsbCwicHVyIjoiYmxvYl9pZCJ9fQ==--f75c22ba6f1aaa7e1cd72ce887488101d3e7dfc6\/PTSD243812A\"><\/audio><\/p>\n<p>Sem previs\u00e3o de chuva para este s\u00e1bado (14), o Sudeste brasileiro ter\u00e1 c\u00e9u com varia\u00e7\u00e3o de nuvens ao longo de todo o dia. Em S\u00e3o Paulo, por exemplo, a condi\u00e7\u00e3o ser\u00e1 notada em cidades das microrregi\u00f5es de Limeira, Avar\u00e9 e Andradina.\u00a0<\/p>\n<p>J\u00e1 em Minas Gerais, munic\u00edpios localizados mais ao noroeste do estado, como Buritis, Una\u00ed e Paracatu, tamb\u00e9m contar\u00e3o com presen\u00e7a de nevoa seca.\u00a0<\/p>\n<p>Para os estados do Rio de Janeiro e Esp\u00edrito Santo, onde tamb\u00e9m n\u00e3o deve chover, o c\u00e9u vai estar com muitas nuvens \u2013 condi\u00e7\u00e3o percebida em cidades como Itabora\u00ed (RJ) e Alfredo Chaves (ES).\u00a0<\/p>\n<p>Entre as capitais, a temperatura m\u00ednima prevista \u00e9 de 15\u00b0C, em Belo Horizonte (MG), enquanto a m\u00e1xima esperada \u00e9 de 39\u00b0C, no Rio de Janeiro (RJ). A umidade relativa do ar varia entre 15% e 90%.<\/p>\n<p>As informa\u00e7\u00f5es s\u00e3o do Instituto Nacional de Meteorologia.\u00a0<\/p>\n<p>\u00a0<\/p>\n<p>\t\t\t\t\t\t\t\t\t<img loading=\"lazy\" decoding=\"async\" src=\"https:\/\/brasil61.com\/api\/v1\/serve_pixel\/17677\/76879\" alt=\"Pixel Brasil 61\" class=\"b61_pixel\" width=\"0\" height=\"0\"><\/p>\n<input type=\"hidden\" id=\"baseurl\" value=\"https:\/\/noticiasdestaque.com.br\"><input type=\"hidden\" id=\"audio_nonce\" value=\"6f73a554f1\">","protected":false},"excerpt":{"rendered":"<p>Entre as capitais, a temperatura m\u00ednima prevista \u00e9 de 15\u00b0C, em Belo Horizonte (MG), enquanto a m\u00e1xima esperada \u00e9 de 39\u00b0C, no Rio de Janeiro (RJ)<\/p>\n","protected":false},"author":1,"featured_media":38231,"comment_status":"open","ping_status":"open","sticky":false,"template":"","format":"standard","meta":{"fifu_image_url":"","fifu_image_alt":"","footnotes":""},"categories":[58],"tags":[],"class_list":["post-38230","post","type-post","status-publish","format-standard","has-post-thumbnail","hentry","category-cotidiano"],"distributor_meta":false,"distributor_terms":false,"distributor_media":false,"distributor_original_site_name":"Noticias em Destaque","distributor_original_site_url":"https:\/\/noticiasdestaque.com.br","push-errors":false,"_links":{"self":[{"href":"https:\/\/noticiasdestaque.com.br\/index.php\/wp-json\/wp\/v2\/posts\/38230","targetHints":{"allow":["GET"]}}],"collection":[{"href":"https:\/\/noticiasdestaque.com.br\/index.php\/wp-json\/wp\/v2\/posts"}],"about":[{"href":"https:\/\/noticiasdestaque.com.br\/index.php\/wp-json\/wp\/v2\/types\/post"}],"author":[{"embeddable":true,"href":"https:\/\/noticiasdestaque.com.br\/index.php\/wp-json\/wp\/v2\/users\/1"}],"replies":[{"embeddable":true,"href":"https:\/\/noticiasdestaque.com.br\/index.php\/wp-json\/wp\/v2\/comments?post=38230"}],"version-history":[{"count":0,"href":"https:\/\/noticiasdestaque.com.br\/index.php\/wp-json\/wp\/v2\/posts\/38230\/revisions"}],"wp:featuredmedia":[{"embeddable":true,"href":"https:\/\/noticiasdestaque.com.br\/index.php\/wp-json\/wp\/v2\/media\/38231"}],"wp:attachment":[{"href":"https:\/\/noticiasdestaque.com.br\/index.php\/wp-json\/wp\/v2\/media?parent=38230"}],"wp:term":[{"taxonomy":"category","embeddable":true,"href":"https:\/\/noticiasdestaque.com.br\/index.php\/wp-json\/wp\/v2\/categories?post=38230"},{"taxonomy":"post_tag","embeddable":true,"href":"https:\/\/noticiasdestaque.com.br\/index.php\/wp-json\/wp\/v2\/tags?post=38230"}],"curies":[{"name":"wp","href":"https:\/\/api.w.org\/{rel}","templated":true}]}}