{"id":38224,"date":"2024-09-15T18:00:00","date_gmt":"2024-09-15T21:00:00","guid":{"rendered":"https:\/\/noticiasdestaque.com.br\/index.php\/2024\/09\/15\/previsao-do-tempo-regiao-sul-tem-inicio-de-semana-com-chuvas-em-santa-catarina-e-parana\/"},"modified":"2024-09-15T18:00:00","modified_gmt":"2024-09-15T21:00:00","slug":"previsao-do-tempo-regiao-sul-tem-inicio-de-semana-com-chuvas-em-santa-catarina-e-parana","status":"publish","type":"post","link":"https:\/\/noticiasdestaque.com.br\/index.php\/2024\/09\/15\/previsao-do-tempo-regiao-sul-tem-inicio-de-semana-com-chuvas-em-santa-catarina-e-parana\/","title":{"rendered":"PREVIS\u00c3O DO TEMPO: regi\u00e3o Sul tem in\u00edcio de semana com chuvas em Santa Catarina e Paran\u00e1"},"content":{"rendered":"<p>\t\t\t\t\t\t\t\t\t\t<audio controls class=\"b61_audio_player\" data-noticia=\"76907\" src=\"https:\/\/brasil61.com\/rails\/active_storage\/blobs\/eyJfcmFpbHMiOnsibWVzc2FnZSI6IkJBaHBBeXNCQXc9PSIsImV4cCI6bnVsbCwicHVyIjoiYmxvYl9pZCJ9fQ==--111c3db64d54a06f8ffd836775fe556198147b22\/PTRS243697A\"><\/audio><\/p>\n<p>A semana come\u00e7a, na regi\u00e3o Sul, com previs\u00e3o de pancadas de chuva e trovoadas isoladas em \u00e1reas de Santa Catarina e Paran\u00e1. Essa condi\u00e7\u00e3o est\u00e1 prevista para munic\u00edpios catarinenses como Guaramirim e Luiz Alves; e paranaenses como Guaraque\u00e7aba e Camb\u00e9. No entanto, em cidades mais ao oeste dos dois estados n\u00e3o deve chover.\u00a0<\/p>\n<p>O Rio Grande do Sul, por sua vez, n\u00e3o deve contar com chuvas na maior parte do estado. Cidades de todas as regi\u00f5es ga\u00fachas ter\u00e3o apenas varia\u00e7\u00e3o entre muitas e poucas nuvens, com exce\u00e7\u00e3o de uma pequena parte do nordeste do estado, onde est\u00e3o localizados munic\u00edpios como Bom Jesus e Cambar\u00e1 do Sul.\u00a0<\/p>\n<p>Entre as capitais, a temperatura m\u00ednima prevista \u00e9 de 12\u00b0C, em Curitiba (PR), enquanto a m\u00e1xima esperada \u00e9 de 22\u00b0C, em Porto Alegre (RS). A umidade relativa do ar varia entre 15% e 100%.<\/p>\n<p>As informa\u00e7\u00f5es s\u00e3o do Instituto Nacional de Meteorologia.\u00a0<\/p>\n<p>\u00a0<\/p>\n<p>\t\t\t\t\t\t\t\t\t<img loading=\"lazy\" decoding=\"async\" src=\"https:\/\/brasil61.com\/api\/v1\/serve_pixel\/17677\/76907\" alt=\"Pixel Brasil 61\" class=\"b61_pixel\" width=\"0\" height=\"0\"><\/p>\n<input type=\"hidden\" id=\"baseurl\" value=\"https:\/\/noticiasdestaque.com.br\"><input type=\"hidden\" id=\"audio_nonce\" value=\"6a24ca502e\">","protected":false},"excerpt":{"rendered":"<p>Entre as capitais, a temperatura m\u00ednima prevista \u00e9 de 12\u00b0C, em Curitiba (PR), enquanto a m\u00e1xima esperada \u00e9 de 22\u00b0C, em Porto Alegre (RS)<\/p>\n","protected":false},"author":1,"featured_media":38225,"comment_status":"open","ping_status":"open","sticky":false,"template":"","format":"standard","meta":{"fifu_image_url":"","fifu_image_alt":"","footnotes":""},"categories":[58],"tags":[],"class_list":["post-38224","post","type-post","status-publish","format-standard","has-post-thumbnail","hentry","category-cotidiano"],"distributor_meta":false,"distributor_terms":false,"distributor_media":false,"distributor_original_site_name":"Noticias em Destaque","distributor_original_site_url":"https:\/\/noticiasdestaque.com.br","push-errors":false,"_links":{"self":[{"href":"https:\/\/noticiasdestaque.com.br\/index.php\/wp-json\/wp\/v2\/posts\/38224","targetHints":{"allow":["GET"]}}],"collection":[{"href":"https:\/\/noticiasdestaque.com.br\/index.php\/wp-json\/wp\/v2\/posts"}],"about":[{"href":"https:\/\/noticiasdestaque.com.br\/index.php\/wp-json\/wp\/v2\/types\/post"}],"author":[{"embeddable":true,"href":"https:\/\/noticiasdestaque.com.br\/index.php\/wp-json\/wp\/v2\/users\/1"}],"replies":[{"embeddable":true,"href":"https:\/\/noticiasdestaque.com.br\/index.php\/wp-json\/wp\/v2\/comments?post=38224"}],"version-history":[{"count":0,"href":"https:\/\/noticiasdestaque.com.br\/index.php\/wp-json\/wp\/v2\/posts\/38224\/revisions"}],"wp:featuredmedia":[{"embeddable":true,"href":"https:\/\/noticiasdestaque.com.br\/index.php\/wp-json\/wp\/v2\/media\/38225"}],"wp:attachment":[{"href":"https:\/\/noticiasdestaque.com.br\/index.php\/wp-json\/wp\/v2\/media?parent=38224"}],"wp:term":[{"taxonomy":"category","embeddable":true,"href":"https:\/\/noticiasdestaque.com.br\/index.php\/wp-json\/wp\/v2\/categories?post=38224"},{"taxonomy":"post_tag","embeddable":true,"href":"https:\/\/noticiasdestaque.com.br\/index.php\/wp-json\/wp\/v2\/tags?post=38224"}],"curies":[{"name":"wp","href":"https:\/\/api.w.org\/{rel}","templated":true}]}}