{"id":38220,"date":"2024-09-11T18:00:00","date_gmt":"2024-09-11T21:00:00","guid":{"rendered":"https:\/\/noticiasdestaque.com.br\/index.php\/2024\/09\/11\/previsao-do-tempo-norte-contara-com-chuva-no-amazonas-e-em-roraima-nesta-quinta-feira-12\/"},"modified":"2024-09-11T18:00:00","modified_gmt":"2024-09-11T21:00:00","slug":"previsao-do-tempo-norte-contara-com-chuva-no-amazonas-e-em-roraima-nesta-quinta-feira-12","status":"publish","type":"post","link":"https:\/\/noticiasdestaque.com.br\/index.php\/2024\/09\/11\/previsao-do-tempo-norte-contara-com-chuva-no-amazonas-e-em-roraima-nesta-quinta-feira-12\/","title":{"rendered":"PREVIS\u00c3O DO TEMPO: Norte contar\u00e1 com chuva no Amazonas e em Roraima, nesta quinta-feira (12)"},"content":{"rendered":"<p>\t\t\t\t\t\t\t\t\t\t<audio controls class=\"b61_audio_player\" data-noticia=\"76551\" src=\"https:\/\/brasil61.com\/rails\/active_storage\/blobs\/eyJfcmFpbHMiOnsibWVzc2FnZSI6IkJBaHBBOEgvQWc9PSIsImV4cCI6bnVsbCwicHVyIjoiYmxvYl9pZCJ9fQ==--ca2e4789b9f8c345cfcc73cd50ea7326488fa499\/PTRN244166A\"><\/audio><\/p>\n<p>Na regi\u00e3o Norte do pa\u00eds, a previs\u00e3o do tempo indica chuva isolada em quase todo o estado do Amazonas e de Roraima, nesta quinta-feira (12). A condi\u00e7\u00e3o abrange, por exemplo, os munic\u00edpios amazonenses de Alvar\u00e3es e Barcelos.\u00a0<\/p>\n<p>J\u00e1 em munic\u00edpios mais o sul de Roraima, como Rorain\u00f3polis, o c\u00e9u vai estar apenas com muitas nuvens, mas sem chances de chuva. A mesma condi\u00e7\u00e3o ser\u00e1 notada, \u00e0 noite, em todo o estado do Acre, em cidades como Sena Madureira e Jord\u00e3o; e no sul do Amap\u00e1, como em Mazag\u00e3o.\u00a0<\/p>\n<p>J\u00e1 em Rond\u00f4nia, a predomin\u00e2ncia ao longo do dia ser\u00e1 de c\u00e9u com poucas nuvens. Essa mesma previs\u00e3o vale para a maior parte do Par\u00e1, em cidades como Altamira e Itupiranga.\u00a0<\/p>\n<p>Em algumas \u00e1reas do sudeste paraense, que inclui munic\u00edpios como Santa Maria das Barreiras e Santana do Araguaia, a quinta-feira contar\u00e1 com n\u00e9voa seca &#8211; mesma situa\u00e7\u00e3o de praticamente todo o Tocantins.\u00a0<\/p>\n<p>Entre as capitais, a temperatura m\u00ednima ser\u00e1 de 24C\u00b0, em Bel\u00e9m (PA), enquanto a m\u00e1xima ser\u00e1 de 37C\u00b0, em Palmas (TO). A umidade relativa do ar varia entre 15% e 90%.<\/p>\n<p>As informa\u00e7\u00f5es s\u00e3o do Instituto Nacional de Meteorologia.\u00a0<br \/>\n\u00a0<\/p>\n<p>\t\t\t\t\t\t\t\t\t<img loading=\"lazy\" decoding=\"async\" src=\"https:\/\/brasil61.com\/api\/v1\/serve_pixel\/17677\/76551\" alt=\"Pixel Brasil 61\" class=\"b61_pixel\" width=\"0\" height=\"0\"><\/p>\n<input type=\"hidden\" id=\"baseurl\" value=\"https:\/\/noticiasdestaque.com.br\"><input type=\"hidden\" id=\"audio_nonce\" value=\"6a24ca502e\">","protected":false},"excerpt":{"rendered":"<p>J\u00e1 em Rond\u00f4nia, a predomin\u00e2ncia ao longo do dia ser\u00e1 de c\u00e9u com poucas nuvens. Essa mesma previs\u00e3o vale para a maior parte do Par\u00e1<\/p>\n","protected":false},"author":1,"featured_media":38221,"comment_status":"open","ping_status":"open","sticky":false,"template":"","format":"standard","meta":{"fifu_image_url":"","fifu_image_alt":"","footnotes":""},"categories":[58],"tags":[],"class_list":["post-38220","post","type-post","status-publish","format-standard","has-post-thumbnail","hentry","category-cotidiano"],"distributor_meta":false,"distributor_terms":false,"distributor_media":false,"distributor_original_site_name":"Noticias em Destaque","distributor_original_site_url":"https:\/\/noticiasdestaque.com.br","push-errors":false,"_links":{"self":[{"href":"https:\/\/noticiasdestaque.com.br\/index.php\/wp-json\/wp\/v2\/posts\/38220","targetHints":{"allow":["GET"]}}],"collection":[{"href":"https:\/\/noticiasdestaque.com.br\/index.php\/wp-json\/wp\/v2\/posts"}],"about":[{"href":"https:\/\/noticiasdestaque.com.br\/index.php\/wp-json\/wp\/v2\/types\/post"}],"author":[{"embeddable":true,"href":"https:\/\/noticiasdestaque.com.br\/index.php\/wp-json\/wp\/v2\/users\/1"}],"replies":[{"embeddable":true,"href":"https:\/\/noticiasdestaque.com.br\/index.php\/wp-json\/wp\/v2\/comments?post=38220"}],"version-history":[{"count":0,"href":"https:\/\/noticiasdestaque.com.br\/index.php\/wp-json\/wp\/v2\/posts\/38220\/revisions"}],"wp:featuredmedia":[{"embeddable":true,"href":"https:\/\/noticiasdestaque.com.br\/index.php\/wp-json\/wp\/v2\/media\/38221"}],"wp:attachment":[{"href":"https:\/\/noticiasdestaque.com.br\/index.php\/wp-json\/wp\/v2\/media?parent=38220"}],"wp:term":[{"taxonomy":"category","embeddable":true,"href":"https:\/\/noticiasdestaque.com.br\/index.php\/wp-json\/wp\/v2\/categories?post=38220"},{"taxonomy":"post_tag","embeddable":true,"href":"https:\/\/noticiasdestaque.com.br\/index.php\/wp-json\/wp\/v2\/tags?post=38220"}],"curies":[{"name":"wp","href":"https:\/\/api.w.org\/{rel}","templated":true}]}}