{"id":38216,"date":"2024-09-12T17:46:00","date_gmt":"2024-09-12T20:46:00","guid":{"rendered":"https:\/\/noticiasdestaque.com.br\/index.php\/2024\/09\/12\/previsao-do-tempo-perigo-de-baixa-umidade-do-ar-confira-a-previsao-para-o-sudeste\/"},"modified":"2024-09-12T17:46:00","modified_gmt":"2024-09-12T20:46:00","slug":"previsao-do-tempo-perigo-de-baixa-umidade-do-ar-confira-a-previsao-para-o-sudeste","status":"publish","type":"post","link":"https:\/\/noticiasdestaque.com.br\/index.php\/2024\/09\/12\/previsao-do-tempo-perigo-de-baixa-umidade-do-ar-confira-a-previsao-para-o-sudeste\/","title":{"rendered":"PREVIS\u00c3O DO TEMPO: perigo de baixa umidade do ar; confira a previs\u00e3o para o Sudeste"},"content":{"rendered":"<p>\t\t\t\t\t\t\t\t\t\t<audio controls class=\"b61_audio_player\" data-noticia=\"76778\" src=\"https:\/\/brasil61.com\/rails\/active_storage\/blobs\/eyJfcmFpbHMiOnsibWVzc2FnZSI6IkJBaHBBNGNBQXc9PSIsImV4cCI6bnVsbCwicHVyIjoiYmxvYl9pZCJ9fQ==--221d05ac16563fffd7f41d4f97cb379648a038e1\/PTSD243811A\"><\/audio><\/p>\n<p>A sexta-feira (13) come\u00e7a, no Sudeste brasileiro, com alerta de perigo de baixa umidade do ar. De acordo com o Instituto Nacional de Meteorologia (INMET), a situa\u00e7\u00e3o est\u00e1 prevista, principalmente, para os estados de S\u00e3o Paulo e Minas Gerais.\u00a0<\/p>\n<p>Entre os munic\u00edpios paulistas que devem perceber a condi\u00e7\u00e3o, est\u00e3o os localizados nas microrregi\u00f5es de Dracena, Barretos, Guaratinguet\u00e1 e Itapeva. J\u00e1 em Minas, podem ser afetados os munic\u00edpios do noroeste do estado, como Arinos e Riachinho; e os do sul mineiro, como S\u00e3o Jo\u00e3o da Mata e Santa Rita de Caldas.\u00a0<\/p>\n<p>Para o Esp\u00edrito Santo, o INMET tamb\u00e9m prev\u00ea uma sexta-feira de c\u00e9u com varia\u00e7\u00e3o entre muitas e poucas nuvens, sobretudo em cidades como Brejetuba e Jaguar\u00e9. No Rio de janeiro, a situa\u00e7\u00e3o n\u00e3o \u00e9 diferente. Munic\u00edpios de todo o estado, como Santa Maria Madalena e Vassouras ter\u00e3o um dia com varia\u00e7\u00e3o entre muitas e poucas nuvens. Para os dois estados, n\u00e3o h\u00e1 previs\u00e3o de chuva.\u00a0<\/p>\n<p>Entre as capitais, a temperatura m\u00ednima deve ficar em torno de 16\u00b0C, em Belo Horizonte (MG). J\u00e1 a m\u00e1xima prevista \u00e9 de 36\u00b0C, no Rio de Janeiro (RJ). A umidade relativa do ar varia de 15% a 90%.\u00a0<\/p>\n<p>As informa\u00e7\u00f5es s\u00e3o do Instituto Nacional de Meteorologia.\u00a0<br \/>\n\u00a0<\/p>\n<p>\t\t\t\t\t\t\t\t\t<img loading=\"lazy\" decoding=\"async\" src=\"https:\/\/brasil61.com\/api\/v1\/serve_pixel\/17677\/76778\" alt=\"Pixel Brasil 61\" class=\"b61_pixel\" width=\"0\" height=\"0\"><\/p>\n<input type=\"hidden\" id=\"baseurl\" value=\"https:\/\/noticiasdestaque.com.br\"><input type=\"hidden\" id=\"audio_nonce\" value=\"6a24ca502e\">","protected":false},"excerpt":{"rendered":"<p>A situa\u00e7\u00e3o est\u00e1 prevista, principalmente, para os estados de S\u00e3o Paulo e Minas Gerais<\/p>\n","protected":false},"author":1,"featured_media":38217,"comment_status":"open","ping_status":"open","sticky":false,"template":"","format":"standard","meta":{"fifu_image_url":"","fifu_image_alt":"","footnotes":""},"categories":[58],"tags":[],"class_list":["post-38216","post","type-post","status-publish","format-standard","has-post-thumbnail","hentry","category-cotidiano"],"distributor_meta":false,"distributor_terms":false,"distributor_media":false,"distributor_original_site_name":"Noticias em Destaque","distributor_original_site_url":"https:\/\/noticiasdestaque.com.br","push-errors":false,"_links":{"self":[{"href":"https:\/\/noticiasdestaque.com.br\/index.php\/wp-json\/wp\/v2\/posts\/38216","targetHints":{"allow":["GET"]}}],"collection":[{"href":"https:\/\/noticiasdestaque.com.br\/index.php\/wp-json\/wp\/v2\/posts"}],"about":[{"href":"https:\/\/noticiasdestaque.com.br\/index.php\/wp-json\/wp\/v2\/types\/post"}],"author":[{"embeddable":true,"href":"https:\/\/noticiasdestaque.com.br\/index.php\/wp-json\/wp\/v2\/users\/1"}],"replies":[{"embeddable":true,"href":"https:\/\/noticiasdestaque.com.br\/index.php\/wp-json\/wp\/v2\/comments?post=38216"}],"version-history":[{"count":0,"href":"https:\/\/noticiasdestaque.com.br\/index.php\/wp-json\/wp\/v2\/posts\/38216\/revisions"}],"wp:featuredmedia":[{"embeddable":true,"href":"https:\/\/noticiasdestaque.com.br\/index.php\/wp-json\/wp\/v2\/media\/38217"}],"wp:attachment":[{"href":"https:\/\/noticiasdestaque.com.br\/index.php\/wp-json\/wp\/v2\/media?parent=38216"}],"wp:term":[{"taxonomy":"category","embeddable":true,"href":"https:\/\/noticiasdestaque.com.br\/index.php\/wp-json\/wp\/v2\/categories?post=38216"},{"taxonomy":"post_tag","embeddable":true,"href":"https:\/\/noticiasdestaque.com.br\/index.php\/wp-json\/wp\/v2\/tags?post=38216"}],"curies":[{"name":"wp","href":"https:\/\/api.w.org\/{rel}","templated":true}]}}