{"id":38214,"date":"2024-09-12T16:32:00","date_gmt":"2024-09-12T19:32:00","guid":{"rendered":"https:\/\/noticiasdestaque.com.br\/index.php\/2024\/09\/12\/previsao-do-tempo-centro-oeste-tera-sexta-feira-13-com-poucas-nuvens-e-nevoa-seca-em-boa-parte-da-regiao\/"},"modified":"2024-09-12T16:32:00","modified_gmt":"2024-09-12T19:32:00","slug":"previsao-do-tempo-centro-oeste-tera-sexta-feira-13-com-poucas-nuvens-e-nevoa-seca-em-boa-parte-da-regiao","status":"publish","type":"post","link":"https:\/\/noticiasdestaque.com.br\/index.php\/2024\/09\/12\/previsao-do-tempo-centro-oeste-tera-sexta-feira-13-com-poucas-nuvens-e-nevoa-seca-em-boa-parte-da-regiao\/","title":{"rendered":"PREVIS\u00c3O DO TEMPO: Centro-Oeste ter\u00e1 sexta-feira (13) com poucas nuvens e n\u00e9voa seca em boa parte da regi\u00e3o"},"content":{"rendered":"<p>\t\t\t\t\t\t\t\t\t\t<audio controls class=\"b61_audio_player\" data-noticia=\"76710\" src=\"https:\/\/brasil61.com\/rails\/active_storage\/blobs\/eyJfcmFpbHMiOnsibWVzc2FnZSI6IkJBaHBBNG9BQXc9PSIsImV4cCI6bnVsbCwicHVyIjoiYmxvYl9pZCJ9fQ==--ae9caaa3f6d19b5f2586fc9bf77d428e11d92205\/PTCO243824A\"><\/audio><\/p>\n<p>A previs\u00e3o do tempo para o Centro-Oeste do Brasil \u00e9 de c\u00e9u com poucas nuvens e n\u00e9voa seca em boa parte da regi\u00e3o. A maior predomin\u00e2ncia dessa n\u00e9voa \u00e9 notada em Goi\u00e1s, j\u00e1 que essa condi\u00e7\u00e3o abrange todo o estado. Munic\u00edpios do sul goiano, como Apor\u00e9, Itaj\u00e1 e Serran\u00f3polis, tamb\u00e9m est\u00e3o inclu\u00eddos. Para o Distrito Federal, a previs\u00e3o \u00e9 a mesma.\u00a0<\/p>\n<p>A n\u00e9voa seca tamb\u00e9m atinge munic\u00edpios do nordeste do Mato Grosso, como S\u00e3o F\u00e9lix do Araguaia e Vila Rica. J\u00e1 mais ao norte do estado, em cidades como Rondol\u00e2ndia e Cotrigua\u00e7u, o c\u00e9u vai estar com poucas nuvens, enquanto no centro-sul mato-grossense, ter\u00e1 muitas nuvens. N\u00e3o h\u00e1 previs\u00e3o de chuva para nenhuma dessas \u00e1reas.\u00a0<\/p>\n<p>No Mato Grosso do Sul, por sua vez, a situa\u00e7\u00e3o \u00e9 semelhante \u00e0 dos\u00a0outros estados da regi\u00e3o, com varia\u00e7\u00e3o entre muitas e poucas nuvens em praticamente todo o estado. A exce\u00e7\u00e3o \u00e9 para o sudoeste, em munic\u00edpios como Sete Quedas e Paranhos, onde o c\u00e9u fica encoberto e h\u00e1 chuviscos.\u00a0<\/p>\n<p>De acordo com o Instituto Nacional de Meteorologia (INMET), para esta sexta-feira h\u00e1 um alerta de perigo potencial de baixa umidade do ar e de onda de calor em toda a regi\u00e3o.\u00a0<\/p>\n<p>Entre as capitais, a temperatura m\u00ednima deve ficar em torno de 17\u00b0C, no Distrito Federal. J\u00e1 a m\u00e1xima prevista \u00e9 de 41\u00b0C, em Cuiab\u00e1 (MT). A umidade relativa do ar varia de 10% a 60%.\u00a0<\/p>\n<p>As informa\u00e7\u00f5es s\u00e3o do Instituto Nacional de Meteorologia.\u00a0<\/p>\n<p>\u00a0<\/p>\n<p>\u00a0<\/p>\n<p>\t\t\t\t\t\t\t\t\t<img loading=\"lazy\" decoding=\"async\" src=\"https:\/\/brasil61.com\/api\/v1\/serve_pixel\/17677\/76710\" alt=\"Pixel Brasil 61\" class=\"b61_pixel\" width=\"0\" height=\"0\"><\/p>\n<input type=\"hidden\" id=\"baseurl\" value=\"https:\/\/noticiasdestaque.com.br\"><input type=\"hidden\" id=\"audio_nonce\" value=\"581f3017e1\">","protected":false},"excerpt":{"rendered":"<p>De acordo com o Instituto Nacional de Meteorologia, para esta sexta-feira (13) h\u00e1 um alerta de perigo potencial de baixa umidade do ar e de onda de calor em toda a regi\u00e3o<\/p>\n","protected":false},"author":1,"featured_media":38215,"comment_status":"open","ping_status":"open","sticky":false,"template":"","format":"standard","meta":{"fifu_image_url":"","fifu_image_alt":"","footnotes":""},"categories":[58],"tags":[],"class_list":["post-38214","post","type-post","status-publish","format-standard","has-post-thumbnail","hentry","category-cotidiano"],"distributor_meta":false,"distributor_terms":false,"distributor_media":false,"distributor_original_site_name":"Noticias em Destaque","distributor_original_site_url":"https:\/\/noticiasdestaque.com.br","push-errors":false,"_links":{"self":[{"href":"https:\/\/noticiasdestaque.com.br\/index.php\/wp-json\/wp\/v2\/posts\/38214","targetHints":{"allow":["GET"]}}],"collection":[{"href":"https:\/\/noticiasdestaque.com.br\/index.php\/wp-json\/wp\/v2\/posts"}],"about":[{"href":"https:\/\/noticiasdestaque.com.br\/index.php\/wp-json\/wp\/v2\/types\/post"}],"author":[{"embeddable":true,"href":"https:\/\/noticiasdestaque.com.br\/index.php\/wp-json\/wp\/v2\/users\/1"}],"replies":[{"embeddable":true,"href":"https:\/\/noticiasdestaque.com.br\/index.php\/wp-json\/wp\/v2\/comments?post=38214"}],"version-history":[{"count":0,"href":"https:\/\/noticiasdestaque.com.br\/index.php\/wp-json\/wp\/v2\/posts\/38214\/revisions"}],"wp:featuredmedia":[{"embeddable":true,"href":"https:\/\/noticiasdestaque.com.br\/index.php\/wp-json\/wp\/v2\/media\/38215"}],"wp:attachment":[{"href":"https:\/\/noticiasdestaque.com.br\/index.php\/wp-json\/wp\/v2\/media?parent=38214"}],"wp:term":[{"taxonomy":"category","embeddable":true,"href":"https:\/\/noticiasdestaque.com.br\/index.php\/wp-json\/wp\/v2\/categories?post=38214"},{"taxonomy":"post_tag","embeddable":true,"href":"https:\/\/noticiasdestaque.com.br\/index.php\/wp-json\/wp\/v2\/tags?post=38214"}],"curies":[{"name":"wp","href":"https:\/\/api.w.org\/{rel}","templated":true}]}}