{"id":38212,"date":"2024-09-11T18:00:00","date_gmt":"2024-09-11T21:00:00","guid":{"rendered":"https:\/\/noticiasdestaque.com.br\/index.php\/2024\/09\/11\/previsao-do-tempo-sudeste-tera-nevoa-seca-em-minas-gerais-e-sao-paulo\/"},"modified":"2024-09-11T18:00:00","modified_gmt":"2024-09-11T21:00:00","slug":"previsao-do-tempo-sudeste-tera-nevoa-seca-em-minas-gerais-e-sao-paulo","status":"publish","type":"post","link":"https:\/\/noticiasdestaque.com.br\/index.php\/2024\/09\/11\/previsao-do-tempo-sudeste-tera-nevoa-seca-em-minas-gerais-e-sao-paulo\/","title":{"rendered":"PREVIS\u00c3O DO TEMPO: Sudeste ter\u00e1 n\u00e9voa seca em Minas Gerais e S\u00e3o Paulo"},"content":{"rendered":"<p>\t\t\t\t\t\t\t\t\t\t<audio controls class=\"b61_audio_player\" data-noticia=\"76579\" src=\"https:\/\/brasil61.com\/rails\/active_storage\/blobs\/eyJfcmFpbHMiOnsibWVzc2FnZSI6IkJBaHBBNy8vQWc9PSIsImV4cCI6bnVsbCwicHVyIjoiYmxvYl9pZCJ9fQ==--43239f0d9fd8e9013ac16bd522566b634edeffdd\/PTSD243810A\"><\/audio><\/p>\n<p>A previs\u00e3o do tempo para o Sudeste brasileiro \u00e9 de n\u00e9voa seca em praticamente todo o territ\u00f3rio mineiro e em\u00a0S\u00e3o Paulo. Em Minas Gerais, a condi\u00e7\u00e3o ser\u00e1 notada no noroeste do estado, em cidades como Janu\u00e1ria\u00a0e Formoso,\u00a0assim como mais ao sul, como em Po\u00e7o Fundo e Monte Belo.\u00a0<\/p>\n<p>J\u00e1 em S\u00e3o Paulo, a n\u00e9voa seca estar\u00e1 presente nas regi\u00f5es de Ara\u00e7atuba, Mar\u00edlia, Bauru e Presidente Prudente. Por\u00e9m, mais ao leste do estado, nas regi\u00f5es de S\u00e3o Jos\u00e9 dos Campos, o c\u00e9u vai estar apenas com poucas nuvens, sem previs\u00e3o de chuva.\u00a0<\/p>\n<p>Essa mesma condi\u00e7\u00e3o ser\u00e1 notada em todo o estado do Rio de Janeiro, em munic\u00edpios como Trajano de Moraes e Silva Jardim; assim como no Esp\u00edrito Santo, em cidades como Afonso Cl\u00e1udio e Nova Ven\u00e9cia.\u00a0<\/p>\n<p>De acordo com o Instituto Nacional de Meteorologia (INMET), a regi\u00e3o Sudeste deve contar com um alerta de perigo potencial de onda de calor, nesta quinta-feira.\u00a0<\/p>\n<p>Entre as capitais, a temperatura m\u00ednima ser\u00e1 de 16C\u00b0, em Belo Horizonte (MG), enquanto a m\u00e1xima ser\u00e1 de 36C\u00b0, em Rio de Janeiro (RJ). A umidade relativa do ar varia entre 15% e 90%.<\/p>\n<p>As informa\u00e7\u00f5es s\u00e3o do Instituto Nacional de Meteorologia.\u00a0<br \/>\n\u00a0<\/p>\n<p>\t\t\t\t\t\t\t\t\t<img loading=\"lazy\" decoding=\"async\" src=\"https:\/\/brasil61.com\/api\/v1\/serve_pixel\/17677\/76579\" alt=\"Pixel Brasil 61\" class=\"b61_pixel\" width=\"0\" height=\"0\"><\/p>\n<input type=\"hidden\" id=\"baseurl\" value=\"https:\/\/noticiasdestaque.com.br\"><input type=\"hidden\" id=\"audio_nonce\" value=\"6f73a554f1\">","protected":false},"excerpt":{"rendered":"<p>Em S\u00e3o Paulo, por exemplo, a n\u00e9voa seca estar\u00e1 presente nas regi\u00f5es de Ara\u00e7atuba, Mar\u00edlia, Bauru e Presidente Prudente<\/p>\n","protected":false},"author":1,"featured_media":38213,"comment_status":"open","ping_status":"open","sticky":false,"template":"","format":"standard","meta":{"fifu_image_url":"","fifu_image_alt":"","footnotes":""},"categories":[58],"tags":[],"class_list":["post-38212","post","type-post","status-publish","format-standard","has-post-thumbnail","hentry","category-cotidiano"],"distributor_meta":false,"distributor_terms":false,"distributor_media":false,"distributor_original_site_name":"Noticias em Destaque","distributor_original_site_url":"https:\/\/noticiasdestaque.com.br","push-errors":false,"_links":{"self":[{"href":"https:\/\/noticiasdestaque.com.br\/index.php\/wp-json\/wp\/v2\/posts\/38212","targetHints":{"allow":["GET"]}}],"collection":[{"href":"https:\/\/noticiasdestaque.com.br\/index.php\/wp-json\/wp\/v2\/posts"}],"about":[{"href":"https:\/\/noticiasdestaque.com.br\/index.php\/wp-json\/wp\/v2\/types\/post"}],"author":[{"embeddable":true,"href":"https:\/\/noticiasdestaque.com.br\/index.php\/wp-json\/wp\/v2\/users\/1"}],"replies":[{"embeddable":true,"href":"https:\/\/noticiasdestaque.com.br\/index.php\/wp-json\/wp\/v2\/comments?post=38212"}],"version-history":[{"count":0,"href":"https:\/\/noticiasdestaque.com.br\/index.php\/wp-json\/wp\/v2\/posts\/38212\/revisions"}],"wp:featuredmedia":[{"embeddable":true,"href":"https:\/\/noticiasdestaque.com.br\/index.php\/wp-json\/wp\/v2\/media\/38213"}],"wp:attachment":[{"href":"https:\/\/noticiasdestaque.com.br\/index.php\/wp-json\/wp\/v2\/media?parent=38212"}],"wp:term":[{"taxonomy":"category","embeddable":true,"href":"https:\/\/noticiasdestaque.com.br\/index.php\/wp-json\/wp\/v2\/categories?post=38212"},{"taxonomy":"post_tag","embeddable":true,"href":"https:\/\/noticiasdestaque.com.br\/index.php\/wp-json\/wp\/v2\/tags?post=38212"}],"curies":[{"name":"wp","href":"https:\/\/api.w.org\/{rel}","templated":true}]}}