{"id":38206,"date":"2024-09-12T17:05:00","date_gmt":"2024-09-12T20:05:00","guid":{"rendered":"https:\/\/noticiasdestaque.com.br\/index.php\/2024\/09\/12\/previsao-do-tempo-amazonas-roraima-e-amapa-terao-chuva-nesta-sexta-feira-13\/"},"modified":"2024-09-12T17:05:00","modified_gmt":"2024-09-12T20:05:00","slug":"previsao-do-tempo-amazonas-roraima-e-amapa-terao-chuva-nesta-sexta-feira-13","status":"publish","type":"post","link":"https:\/\/noticiasdestaque.com.br\/index.php\/2024\/09\/12\/previsao-do-tempo-amazonas-roraima-e-amapa-terao-chuva-nesta-sexta-feira-13\/","title":{"rendered":"PREVIS\u00c3O DO TEMPO: Amazonas, Roraima e Amap\u00e1 ter\u00e3o chuva nesta sexta-feira (13)"},"content":{"rendered":"<p>\t\t\t\t\t\t\t\t\t\t<audio controls class=\"b61_audio_player\" data-noticia=\"76742\" src=\"https:\/\/brasil61.com\/rails\/active_storage\/blobs\/eyJfcmFpbHMiOnsibWVzc2FnZSI6IkJBaHBBNGtBQXc9PSIsImV4cCI6bnVsbCwicHVyIjoiYmxvYl9pZCJ9fQ==--0513eee9c4e4abff52b02c70a8c5f6485c44feb7\/PTRN244167A\"><\/audio><\/p>\n<p>O Norte do Brasil ter\u00e1 uma sexta-feira (13) com chuvas apenas nos estados do Amazonas, do Amap\u00e1 e de Roraima, principalmente no per\u00edodo da tarde. Entre os munic\u00edpios amazonenses que v\u00e3o contar com pancadas de chuva e trovoadas isoladas, est\u00e3o S\u00e3o Gabriel da Cachoeira e Santa Isabel do Rio Negro. Para Roraima, ao longo de todo dia, a previs\u00e3o \u00e9 de muitas nuvens e chuvas isoladas, em cidades como Caracara\u00ed e Alto Alegre.\u00a0<\/p>\n<p>A situa\u00e7\u00e3o \u00e9 semelhante no Amap\u00e1, nos per\u00edodos da tarde e da noite, principalmente nas regi\u00f5es oeste e norte do estado, em munic\u00edpios como Cal\u00e7oene e Pracu\u00faba. Para o sul do estado, no entanto, a previs\u00e3o \u00e9 de apenas poucas nuvens.\u00a0<\/p>\n<p>Essa mesma condi\u00e7\u00e3o \u00e9 esperada em todo o Acre e no norte de Rond\u00f4nia e do Par\u00e1, em cidades como Feij\u00f3 (AC), Candeias do Jamari (RO) e \u00d3bidos (PA). J\u00e1 para praticamente todo o estado de Tocantins, incluindo munic\u00edpios como Guara\u00ed e Peixe, a previs\u00e3o \u00e9 de n\u00e9voa seca e poucas nuvens.\u00a0<\/p>\n<p>Entre as capitais, a temperatura m\u00ednima deve ficar em torno de 25\u00b0C, em Rio Branco (AC). J\u00e1 a m\u00e1xima prevista \u00e9 de 37\u00b0C, em Porto Velho (RO). A umidade relativa do ar varia de 15% a 90%.\u00a0<\/p>\n<p>As informa\u00e7\u00f5es s\u00e3o do Instituto Nacional de Meteorologia.\u00a0<\/p>\n<p>Marquezan Ara\u00fajo, o tempo e a temperatura<br \/>\n\u00a0<\/p>\n<p>\t\t\t\t\t\t\t\t\t<img loading=\"lazy\" decoding=\"async\" src=\"https:\/\/brasil61.com\/api\/v1\/serve_pixel\/17677\/76742\" alt=\"Pixel Brasil 61\" class=\"b61_pixel\" width=\"0\" height=\"0\"><\/p>\n<input type=\"hidden\" id=\"baseurl\" value=\"https:\/\/noticiasdestaque.com.br\"><input type=\"hidden\" id=\"audio_nonce\" value=\"6a24ca502e\">","protected":false},"excerpt":{"rendered":"<p>Entre as capitais, a temperatura m\u00ednima deve ficar em torno de 25\u00b0C, em Rio Branco (AC). J\u00e1 a m\u00e1xima prevista \u00e9 de 37\u00b0C, em Porto Velho (RO)<\/p>\n","protected":false},"author":1,"featured_media":38207,"comment_status":"open","ping_status":"open","sticky":false,"template":"","format":"standard","meta":{"fifu_image_url":"","fifu_image_alt":"","footnotes":""},"categories":[58],"tags":[],"class_list":["post-38206","post","type-post","status-publish","format-standard","has-post-thumbnail","hentry","category-cotidiano"],"distributor_meta":false,"distributor_terms":false,"distributor_media":false,"distributor_original_site_name":"Noticias em Destaque","distributor_original_site_url":"https:\/\/noticiasdestaque.com.br","push-errors":false,"_links":{"self":[{"href":"https:\/\/noticiasdestaque.com.br\/index.php\/wp-json\/wp\/v2\/posts\/38206","targetHints":{"allow":["GET"]}}],"collection":[{"href":"https:\/\/noticiasdestaque.com.br\/index.php\/wp-json\/wp\/v2\/posts"}],"about":[{"href":"https:\/\/noticiasdestaque.com.br\/index.php\/wp-json\/wp\/v2\/types\/post"}],"author":[{"embeddable":true,"href":"https:\/\/noticiasdestaque.com.br\/index.php\/wp-json\/wp\/v2\/users\/1"}],"replies":[{"embeddable":true,"href":"https:\/\/noticiasdestaque.com.br\/index.php\/wp-json\/wp\/v2\/comments?post=38206"}],"version-history":[{"count":0,"href":"https:\/\/noticiasdestaque.com.br\/index.php\/wp-json\/wp\/v2\/posts\/38206\/revisions"}],"wp:featuredmedia":[{"embeddable":true,"href":"https:\/\/noticiasdestaque.com.br\/index.php\/wp-json\/wp\/v2\/media\/38207"}],"wp:attachment":[{"href":"https:\/\/noticiasdestaque.com.br\/index.php\/wp-json\/wp\/v2\/media?parent=38206"}],"wp:term":[{"taxonomy":"category","embeddable":true,"href":"https:\/\/noticiasdestaque.com.br\/index.php\/wp-json\/wp\/v2\/categories?post=38206"},{"taxonomy":"post_tag","embeddable":true,"href":"https:\/\/noticiasdestaque.com.br\/index.php\/wp-json\/wp\/v2\/tags?post=38206"}],"curies":[{"name":"wp","href":"https:\/\/api.w.org\/{rel}","templated":true}]}}