{"id":38190,"date":"2024-09-11T00:05:00","date_gmt":"2024-09-11T03:05:00","guid":{"rendered":"https:\/\/noticiasdestaque.com.br\/index.php\/2024\/09\/11\/pis-pasep-r-2834-milhoes-do-abono-salarial-ainda-nao-foram-sacados\/"},"modified":"2024-09-11T00:05:00","modified_gmt":"2024-09-11T03:05:00","slug":"pis-pasep-r-2834-milhoes-do-abono-salarial-ainda-nao-foram-sacados","status":"publish","type":"post","link":"https:\/\/noticiasdestaque.com.br\/index.php\/2024\/09\/11\/pis-pasep-r-2834-milhoes-do-abono-salarial-ainda-nao-foram-sacados\/","title":{"rendered":"PIS\/Pasep: R$ 283,4 milh\u00f5es do abono salarial ainda n\u00e3o foram sacados"},"content":{"rendered":"<p>\t\t\t\t\t\t\t\t\t\t<audio controls class=\"b61_audio_player\" data-noticia=\"76316\" src=\"https:\/\/brasil61.com\/rails\/active_storage\/blobs\/eyJfcmFpbHMiOnsibWVzc2FnZSI6IkJBaHBBem4vQWc9PSIsImV4cCI6bnVsbCwicHVyIjoiYmxvYl9pZCJ9fQ==--231b591896738ed2fe0265ad9357864bbd8bc9b9\/BRAS2412612A\"><\/audio><\/p>\n<p>O pr\u00f3ximo lote do abono salarial do PIS\/Pasep 2024 (ano-base 2022), com valor de at\u00e9 um sal\u00e1rio m\u00ednimo (R$ 1.412) dever\u00e1 ser pago pelo Minist\u00e9rio do Trabalho at\u00e9 o dia 15 de setembro. No entanto, a pasta informou que, at\u00e9 segunda-feira (9), 723.687 trabalhadores ainda n\u00e3o haviam sacado o benef\u00edcio referente ao lote pago em agosto. Com isso, o valor pendente de saque chega a R$ 283.464.740,00.<\/p>\n<p>De acordo com o minist\u00e9rio, o abono vai ficar dispon\u00edvel para saque do trabalhador nas institui\u00e7\u00f5es financeiras Caixa e do Banco do Brasil, at\u00e9 o fim do prazo previsto no calend\u00e1rio, em 27 de dezembro.<\/p>\n<p>Os valores s\u00e3o destinados aos trabalhadores da iniciativa privada, via PIS, e para os servidores p\u00fablicos, via Pasep. Os valores para as categorias variam entre R$ 118,00 e R$ 1.412,00, levando em conta o n\u00famero de meses trabalhados ao longo do ano-base 2022.<\/p>\n<p><a href=\"https:\/\/brasil61.com\/n\/fpm-prefeituras-partilham-mais-de-r-4-bi-nesta-terca-10-veja-o-quanto-seu-municipio-recebera-bras2412602\" target=\"_blank\" rel=\"noopener\">FPM: prefeituras partilham mais de R$ 4 bi nesta ter\u00e7a (10); veja o quanto seu munic\u00edpio receber\u00e1<\/a><\/p>\n<p><a href=\"https:\/\/brasil61.com\/n\/piso-da-enfermagem-entenda-criterio-para-distribuicao-dos-recursos-bras2412606\" target=\"_blank\" rel=\"noopener\">PISO DA ENFERMAGEM: entenda crit\u00e9rio para distribui\u00e7\u00e3o dos recursos<\/a><\/p>\n<p>Dos pagamentos realizados, 22.088.225 foram pagos pela Caixa Econ\u00f4mica Federal referente aos trabalhadores de empresas privadas contribuintes do Programa de Integra\u00e7\u00e3o Social (PIS) e 2.785.721 foram realizados pelo Banco do Brasil aos trabalhadores de empresas p\u00fablicas que contribuem para o Programa de Forma\u00e7\u00e3o do Patrim\u00f4nio do Servidor P\u00fablico (Pasep).<\/p>\n<h2>Confira o calend\u00e1rio de pagamento do abono salarial para os trabalhadores participantes do PIS\/Pasep<\/h2>\n<p>[table]<\/p>\n<table border=\"1\" cellpadding=\"0\" cellspacing=\"0\">\n<tbody>\n<tr>\n<th>\n<p><strong>NASCIDOS EM <\/strong><\/p>\n<\/th>\n<th>\n<p><strong>RECEBEM A PARTIR DE <\/strong><\/p>\n<\/th>\n<th>\n<p><strong>RECEBEM AT\u00c9 <\/strong><\/p>\n<\/th>\n<\/tr>\n<tr>\n<td>\n<p>JANEIRO<\/p>\n<\/td>\n<td>\n<p>15\/02\/2024<\/p>\n<\/td>\n<td>\n<p>27\/12\/2024<\/p>\n<\/td>\n<\/tr>\n<tr>\n<td>\n<p>FEVEREIRO<\/p>\n<\/td>\n<td>\n<p>15\/03\/2024<\/p>\n<\/td>\n<td>\n<p>27\/12\/2024<\/p>\n<\/td>\n<\/tr>\n<tr>\n<td>\n<p>MAR\u00c7O<\/p>\n<\/td>\n<td>\n<p>15\/04\/2024<\/p>\n<\/td>\n<td>\n<p>27\/12\/2024<\/p>\n<\/td>\n<\/tr>\n<tr>\n<td>\n<p>ABRIL<\/p>\n<\/td>\n<td>\n<p>15\/04\/2024<\/p>\n<\/td>\n<td>\n<p>27\/12\/2024<\/p>\n<\/td>\n<\/tr>\n<tr>\n<td>\n<p>MAIO<\/p>\n<\/td>\n<td>\n<p>15\/05\/2024<\/p>\n<\/td>\n<td>\n<p>27\/12\/2024<\/p>\n<\/td>\n<\/tr>\n<tr>\n<td>\n<p>JUNHO<\/p>\n<\/td>\n<td>\n<p>15\/05\/2024<\/p>\n<\/td>\n<td>\n<p>27\/12\/2024<\/p>\n<\/td>\n<\/tr>\n<tr>\n<td>\n<p>JULHO<\/p>\n<\/td>\n<td>\n<p>17\/06\/2024<\/p>\n<\/td>\n<td>\n<p>27\/12\/2024<\/p>\n<\/td>\n<\/tr>\n<tr>\n<td>\n<p>AGOSTO<\/p>\n<\/td>\n<td>\n<p>17\/06\/2024<\/p>\n<\/td>\n<td>\n<p>27\/12\/2024<\/p>\n<\/td>\n<\/tr>\n<tr>\n<td>\n<p>SETEMBRO<\/p>\n<\/td>\n<td>\n<p>15\/07\/2024<\/p>\n<\/td>\n<td>\n<p>27\/12\/2024<\/p>\n<\/td>\n<\/tr>\n<tr>\n<td>\n<p>OUTUBRO<\/p>\n<\/td>\n<td>\n<p>15\/07\/2024<\/p>\n<\/td>\n<td>\n<p>27\/12\/2024<\/p>\n<\/td>\n<\/tr>\n<tr>\n<td>\n<p>NOVEMBRO<\/p>\n<\/td>\n<td>\n<p>15\/08\/2024<\/p>\n<\/td>\n<td>\n<p>27\/12\/2024<\/p>\n<\/td>\n<\/tr>\n<tr>\n<td>\n<p>DEZEMBRO<\/p>\n<\/td>\n<td>\n<p>15\/08\/2024<\/p>\n<\/td>\n<td>\n<p>27\/12\/2024<\/p>\n<\/td>\n<\/tr>\n<\/tbody>\n<\/table>\n<p>[table]<\/p>\n<h2>Quem tem direito ao abono do PIS\/Pasep em 2024?<\/h2>\n<p>O abono salarial do PIS\/Pasep \u00e9 pago a trabalhadores que atuam com carteira assinada e a servidores p\u00fablicos que receberam sal\u00e1rio mensal m\u00e9dio de at\u00e9 dois sal\u00e1rios-m\u00ednimos ao longo do ano-base. Diante disso, trabalhadores rurais ou urbanos empregados por pessoa f\u00edsica, assim como empregadas dom\u00e9sticas, n\u00e3o recebem o benef\u00edcio.<\/p>\n<ul>\n<li>Trabalhadores e servidores p\u00fablicos cadastrados no programa PIS\/PASEP ou no CNIS h\u00e1 pelo menos cinco anos;<\/li>\n<li>Quem recebeu at\u00e9 2 sal\u00e1rios-m\u00ednimos m\u00e9dios de remunera\u00e7\u00e3o mensal no ano-base;<\/li>\n<li>Quem trabalhou para empregadores que contribuem para o Programa de Integra\u00e7\u00e3o Social (PIS) ou para o Programa de Forma\u00e7\u00e3o do Patrim\u00f4nio do Servidor P\u00fablico (Pasep);<\/li>\n<li>Quem tem dados informados pelo empregador corretamente na Rela\u00e7\u00e3o Anual de Informa\u00e7\u00f5es Sociais (RAIS) ou no eSocial do ano-base;\u00a0<\/li>\n<li>Quem exerceu atividade remunerada por pelo menos 30 dias, consecutivos ou n\u00e3o, no ano-base.\u00a0<\/li>\n<\/ul>\n<h2>Quem n\u00e3o tem direito ao abono salarial?<\/h2>\n<ul>\n<li>Trabalhadores rurais empregados por pessoa f\u00edsica;<\/li>\n<li>Trabalhadores empregados por pessoa f\u00edsica equiparada a jur\u00eddica.<\/li>\n<li>Trabalhadores urbanos empregados por pessoa f\u00edsica;<\/li>\n<li>Empregados dom\u00e9sticos.<br \/>\n\t\u00a0<\/li>\n<\/ul>\n<p>\t\t\t\t\t\t\t\t\t<img loading=\"lazy\" decoding=\"async\" src=\"https:\/\/brasil61.com\/api\/v1\/serve_pixel\/17677\/76316\" alt=\"Pixel Brasil 61\" class=\"b61_pixel\" width=\"0\" height=\"0\"><\/p>\n<input type=\"hidden\" id=\"baseurl\" value=\"https:\/\/noticiasdestaque.com.br\"><input type=\"hidden\" id=\"audio_nonce\" value=\"6f73a554f1\">","protected":false},"excerpt":{"rendered":"<p>De acordo com o Minist\u00e9rio do Trabalho, o valor pendente de saque chega a R$ 283.464.740,00<\/p>\n","protected":false},"author":1,"featured_media":38191,"comment_status":"open","ping_status":"open","sticky":false,"template":"","format":"standard","meta":{"fifu_image_url":"","fifu_image_alt":"","footnotes":""},"categories":[59],"tags":[],"class_list":["post-38190","post","type-post","status-publish","format-standard","has-post-thumbnail","hentry","category-economia"],"distributor_meta":false,"distributor_terms":false,"distributor_media":false,"distributor_original_site_name":"Noticias em Destaque","distributor_original_site_url":"https:\/\/noticiasdestaque.com.br","push-errors":false,"_links":{"self":[{"href":"https:\/\/noticiasdestaque.com.br\/index.php\/wp-json\/wp\/v2\/posts\/38190","targetHints":{"allow":["GET"]}}],"collection":[{"href":"https:\/\/noticiasdestaque.com.br\/index.php\/wp-json\/wp\/v2\/posts"}],"about":[{"href":"https:\/\/noticiasdestaque.com.br\/index.php\/wp-json\/wp\/v2\/types\/post"}],"author":[{"embeddable":true,"href":"https:\/\/noticiasdestaque.com.br\/index.php\/wp-json\/wp\/v2\/users\/1"}],"replies":[{"embeddable":true,"href":"https:\/\/noticiasdestaque.com.br\/index.php\/wp-json\/wp\/v2\/comments?post=38190"}],"version-history":[{"count":0,"href":"https:\/\/noticiasdestaque.com.br\/index.php\/wp-json\/wp\/v2\/posts\/38190\/revisions"}],"wp:featuredmedia":[{"embeddable":true,"href":"https:\/\/noticiasdestaque.com.br\/index.php\/wp-json\/wp\/v2\/media\/38191"}],"wp:attachment":[{"href":"https:\/\/noticiasdestaque.com.br\/index.php\/wp-json\/wp\/v2\/media?parent=38190"}],"wp:term":[{"taxonomy":"category","embeddable":true,"href":"https:\/\/noticiasdestaque.com.br\/index.php\/wp-json\/wp\/v2\/categories?post=38190"},{"taxonomy":"post_tag","embeddable":true,"href":"https:\/\/noticiasdestaque.com.br\/index.php\/wp-json\/wp\/v2\/tags?post=38190"}],"curies":[{"name":"wp","href":"https:\/\/api.w.org\/{rel}","templated":true}]}}