{"id":38188,"date":"2024-09-12T04:03:00","date_gmt":"2024-09-12T07:03:00","guid":{"rendered":"https:\/\/noticiasdestaque.com.br\/index.php\/2024\/09\/12\/camara-aprova-combustivel-do-futuro-sem-jabuti-que-aumentava-valor-da-conta-de-luz\/"},"modified":"2024-09-12T04:03:00","modified_gmt":"2024-09-12T07:03:00","slug":"camara-aprova-combustivel-do-futuro-sem-jabuti-que-aumentava-valor-da-conta-de-luz","status":"publish","type":"post","link":"https:\/\/noticiasdestaque.com.br\/index.php\/2024\/09\/12\/camara-aprova-combustivel-do-futuro-sem-jabuti-que-aumentava-valor-da-conta-de-luz\/","title":{"rendered":"C\u00e2mara aprova &#8216;combust\u00edvel do futuro&#8217; sem &#8216;jabuti&#8217; que aumentava valor da conta de luz"},"content":{"rendered":"<p>\t\t\t\t\t\t\t\t\t\t<audio controls class=\"b61_audio_player\" data-noticia=\"76544\" src=\"https:\/\/brasil61.com\/rails\/active_storage\/blobs\/eyJfcmFpbHMiOnsibWVzc2FnZSI6IkJBaHBBOXIvQWc9PSIsImV4cCI6bnVsbCwicHVyIjoiYmxvYl9pZCJ9fQ==--c32d9a5574d9ee7899993852e9e131b99aab0a55\/BRAS2412620B\"><\/audio><\/p>\n<p>A C\u00e2mara dos Deputados aprovou, nessa quarta-feira (11), o projeto de lei <a href=\"https:\/\/www.camara.leg.br\/proposicoesWeb\/fichadetramitacao?idProposicao=2238434\" target=\"_blank\" rel=\"noopener\">528\/2020<\/a> &#8211; conhecido como projeto do combust\u00edvel do futuro &#8211; sem o &#8220;jabuti&#8221; (quando o trecho \u00e9 estranho ao texto da mat\u00e9ria) que aumentava isen\u00e7\u00f5es para microgera\u00e7\u00e3o e minigera\u00e7\u00e3o de energia el\u00e9trica, atendendo, sobretudo, o setor de energia solar. A ideia era aumentar o benef\u00edcio de 12 para 30 meses. O texto vai agora para san\u00e7\u00e3o presidencial.<\/p>\n<p>O presidente da <a href=\"https:\/\/consumidoresdeenergia.org\/\" target=\"_blank\" rel=\"noopener\">Frente Nacional dos Consumidores de Energia<\/a>, Luiz Eduardo Barata, havia feito cr\u00edticas \u00e0\u00a0medida, ao destacar que causaria um impacto acima de R$ 40 bilh\u00f5es no bolso dos consumidores, repercutindo, inclusive, na infla\u00e7\u00e3o.\u00a0<\/p>\n<p>\u201cO alto custo da energia realmente tem afetado o bolso de milh\u00f5es de consumidores de energia no pa\u00eds\u00a0que, a cada m\u00eas, t\u00eam que fazer uma avalia\u00e7\u00e3o se pagar\u00e1 a conta de luz ou ir\u00e1 fazer as compras de bens que necessitam. Obviamente, al\u00e9m de pesar no bolso do cidad\u00e3o quando ele paga sua conta, impacta tamb\u00e9m quando ele compra produtos e contrata servi\u00e7os. A energia, cada vez mais essencial, seguramente contribui, sim, com a infla\u00e7\u00e3o, afetando a economia do pa\u00eds\u201d, considera.\u00a0<\/p>\n<p><a href=\"https:\/\/brasil61.com\/n\/energia-aneel-aciona-bandeira-vermelha-patamar-1-apos-correcoes-do-ons-bras2412569\" target=\"_blank\" rel=\"noopener\">Energia: Aneel aciona bandeira vermelha patamar 1 ap\u00f3s corre\u00e7\u00f5es do ONS<\/a><\/p>\n<p><a href=\"https:\/\/brasil61.com\/n\/seca-mais-severa-da-historia-do-pais-vai-pesar-nos-bolsos-dos-brasileiros-bras2412585\" target=\"_blank\" rel=\"noopener\">Seca mais severa da hist\u00f3ria do pa\u00eds vai pesar nos bolsos dos brasileiros<\/a><\/p>\n<p>Outra entidade que havia se manifestado\u00a0foi a Associa\u00e7\u00e3o Brasileira dos Grandes Consumidores de Energia e Consumidores Livres <a href=\"https:\/\/abrace.org.br\/site\/\" target=\"_blank\" rel=\"noopener\">(Abrace)<\/a>. De acordo com a associa\u00e7\u00e3o, a medida promovia uma aumento de\u00a0cerca de 15% nos subs\u00eddios atualmente concedidos \u00e0 gera\u00e7\u00e3o distribu\u00edda, que em 2023 chegou a R$ 40,3 bilh\u00f5es, os quais oneram 13,5% a tarifa dos consumidores residenciais que n\u00e3o possuem gera\u00e7\u00e3o distribu\u00edda. \u201cOu seja, os consumidores de menor renda, que n\u00e3o podem instalar gera\u00e7\u00e3o distribu\u00edda, est\u00e3o financiando quem tem dinheiro para investir neste tipo de gera\u00e7\u00e3o\u201d, diz a associa\u00e7\u00e3o em nota.\u00a0<\/p>\n<h2>O que mais encarece a conta de luz?<\/h2>\n<p>De acordo com a Ag\u00eancia Nacional de Energia El\u00e9trica <a href=\"https:\/\/www.gov.br\/aneel\/pt-br\" target=\"_blank\" rel=\"noopener\">(ANEEL)<\/a>, os brasileiros devem pagar mais de R$ 37 bilh\u00f5es em subs\u00eddios na conta de luz em 2024. Os valores s\u00e3o destinados \u00e0 Conta de Desenvolvimento Energ\u00e9tico, criada para incentivar pol\u00edticas p\u00fablicas do setor de energia.\u00a0<\/p>\n<p>Em 2023, o impacto dos subs\u00eddios na tarifa de energia dos consumidores residenciais foi de 13,21%. Os subs\u00eddios que consumiram maior volume de recursos no ano passado foram:\u00a0<\/p>\n<ul>\n<li>Conta de Consumo de Combust\u00edveis (CCC): R$ 11,3 bilh\u00f5es<\/li>\n<li>Fonte incentivada: R$ 10,5 bilh\u00f5es<\/li>\n<li>Gera\u00e7\u00e3o Distribu\u00edda: R$ 7,1 bilh\u00f5es<\/li>\n<li>Tarifa social: R$ 5,8 bilh\u00f5es<\/li>\n<\/ul>\n<p>Al\u00e9m desses, tamb\u00e9m h\u00e1 subs\u00eddios para carv\u00e3o mineral; irriga\u00e7\u00e3o e aquicultura; distribuidora de pequeno porte; rural; e \u00e1gua, esgoto e saneamento. As informa\u00e7\u00f5es podem ser consultadas no <a href=\"https:\/\/app.powerbi.com\/view?r=eyJrIjoiY2Q1YjdlZTEtMzQ2ZS00OTIyLThiODctZDY2NTRhMDFhMmFjIiwidCI6IjQwZDZmOWI4LWVjYTctNDZhMi05MmQ0LWVhNGU5YzAxNzBlMSIsImMiOjR9\" target=\"_blank\" rel=\"noopener\">Subsidi\u00f4metro<\/a> da ANEEL.\u00a0<\/p>\n<p>Outro fator que contribui para o aumento no valor da conta de energia s\u00e3o as perdas por furto ou fraude. De acordo com a ANEEL, em 2023, R$ 6,2 bilh\u00f5es foram cobrados nas tarifas dos consumidores para compensar as perdas motivadas pela pr\u00e1tica do famoso \u201cgato\u201d. J\u00e1 o valor repassado aos consumidores por conta das perdas t\u00e9cnicas, causadas por problemas ou defasagem em equipamentos, por exemplo, foi de R$ 12,4 bilh\u00f5es.<\/p>\n<p>De acordo com estudo da Confedera\u00e7\u00e3o Nacional da Ind\u00fastria (CNI), com base em dados da ANEEL, encargos somados aos impostos representam 44,1% do valor da conta de luz. Segundo o levantamento, os custos conjunturais (compostos pela Conta Covid e pela Escassez H\u00eddrica) e estruturais totalizaram, em 2023, R$ 102,35 bilh\u00f5es.<\/p>\n<p>Em rela\u00e7\u00e3o aos custos estruturais, o destaque vai para a Conta de Desenvolvimento Energ\u00e9tico. Criada em 2002, a chamada CDE impactou, em 2023, a conta de luz em R$ 40,1 bilh\u00f5es. Trata-se de um fundo setorial com o intuito de custear pol\u00edticas p\u00fablicas do setor el\u00e9trico brasileiro, entre as quais subs\u00eddios para fontes incentivadas de energia, para o carv\u00e3o mineral e para a gera\u00e7\u00e3o distribu\u00edda.<\/p>\n<h2>Impactos na infla\u00e7\u00e3o\u00a0<\/h2>\n<p>Dados divulgados pela Confedera\u00e7\u00e3o Nacional de Munic\u00edpios <a href=\"https:\/\/cnm.org.br\/comunicacao\/noticias\/taxa-de-energia-contribui-para-aumento-da-inflacao-enquanto-preco-da-cesta-basica-cai-na-maioria-das-capitais\" target=\"_blank\" rel=\"noopener\">(CNM)<\/a>, com base em informa\u00e7\u00f5es do Instituto Brasileiro de Geografia e Estat\u00edstica (IBGE), mostram que o aumento nas tarifas de energia contribuiu para a alta do \u00cdndice Nacional de Pre\u00e7os ao Consumidor Amplo (IPCA), em julho. Diante disso, a conta de luz ficou 4,17% mais alta naquele m\u00eas.<\/p>\n<p>A alta total do IPCA de julho foi de 0,62% e a tarifa de energia el\u00e9trica correspondeu a 0,16 ponto porcentual do aumento. A alta foi influenciada, principalmente, pelas regi\u00f5es metropolitanas de Curitiba (PR), com salto de 11,40%; e S\u00e3o Paulo (SP), com aumento de 11,11%.\u00a0<\/p>\n<p>J\u00e1 em agosto de 2024, a energia el\u00e9trica foi o item que mais contribuiu para a queda da infla\u00e7\u00e3o oficial &#8211; 0,02% &#8211; com uma redu\u00e7\u00e3o de pre\u00e7os de 2,77%. Os dados s\u00e3o do <a href=\"https:\/\/agenciadenoticias.ibge.gov.br\/agencia-noticias\/2012-agencia-de-noticias\/noticias\/41259-inflacao-fica-em-0-02-em-agosto-primeiro-resultado-negativo-no-ano\" target=\"_blank\" rel=\"noopener\">IPCA<\/a> e foram divulgados nessa ter\u00e7a-feira (10), pelo IBGE.<\/p>\n<p>\t\t\t\t\t\t\t\t\t<img loading=\"lazy\" decoding=\"async\" src=\"https:\/\/brasil61.com\/api\/v1\/serve_pixel\/17677\/76544\" alt=\"Pixel Brasil 61\" class=\"b61_pixel\" width=\"0\" height=\"0\"><\/p>\n<input type=\"hidden\" id=\"baseurl\" value=\"https:\/\/noticiasdestaque.com.br\"><input type=\"hidden\" id=\"audio_nonce\" value=\"6a24ca502e\">","protected":false},"excerpt":{"rendered":"<p>S\u00f3 em 2024, os brasileiros devem pagar mais de R$ 37 bilh\u00f5es em subs\u00eddios nas contas de luz. Os valores s\u00e3o destinados ao incentivo a pol\u00edticas p\u00fablicas no setor de energia<\/p>\n","protected":false},"author":1,"featured_media":38189,"comment_status":"open","ping_status":"open","sticky":false,"template":"","format":"standard","meta":{"fifu_image_url":"","fifu_image_alt":"","footnotes":""},"categories":[59],"tags":[],"class_list":["post-38188","post","type-post","status-publish","format-standard","has-post-thumbnail","hentry","category-economia"],"distributor_meta":false,"distributor_terms":false,"distributor_media":false,"distributor_original_site_name":"Noticias em Destaque","distributor_original_site_url":"https:\/\/noticiasdestaque.com.br","push-errors":false,"_links":{"self":[{"href":"https:\/\/noticiasdestaque.com.br\/index.php\/wp-json\/wp\/v2\/posts\/38188","targetHints":{"allow":["GET"]}}],"collection":[{"href":"https:\/\/noticiasdestaque.com.br\/index.php\/wp-json\/wp\/v2\/posts"}],"about":[{"href":"https:\/\/noticiasdestaque.com.br\/index.php\/wp-json\/wp\/v2\/types\/post"}],"author":[{"embeddable":true,"href":"https:\/\/noticiasdestaque.com.br\/index.php\/wp-json\/wp\/v2\/users\/1"}],"replies":[{"embeddable":true,"href":"https:\/\/noticiasdestaque.com.br\/index.php\/wp-json\/wp\/v2\/comments?post=38188"}],"version-history":[{"count":0,"href":"https:\/\/noticiasdestaque.com.br\/index.php\/wp-json\/wp\/v2\/posts\/38188\/revisions"}],"wp:featuredmedia":[{"embeddable":true,"href":"https:\/\/noticiasdestaque.com.br\/index.php\/wp-json\/wp\/v2\/media\/38189"}],"wp:attachment":[{"href":"https:\/\/noticiasdestaque.com.br\/index.php\/wp-json\/wp\/v2\/media?parent=38188"}],"wp:term":[{"taxonomy":"category","embeddable":true,"href":"https:\/\/noticiasdestaque.com.br\/index.php\/wp-json\/wp\/v2\/categories?post=38188"},{"taxonomy":"post_tag","embeddable":true,"href":"https:\/\/noticiasdestaque.com.br\/index.php\/wp-json\/wp\/v2\/tags?post=38188"}],"curies":[{"name":"wp","href":"https:\/\/api.w.org\/{rel}","templated":true}]}}