{"id":38177,"date":"2024-09-12T16:31:46","date_gmt":"2024-09-12T19:31:46","guid":{"rendered":"https:\/\/noticiasdestaque.com.br\/?p=38177"},"modified":"2024-09-12T16:31:48","modified_gmt":"2024-09-12T19:31:48","slug":"brasileiros-se-unem-para-ajudar-a-nana-em-seu-phd-nos-eua","status":"publish","type":"post","link":"https:\/\/noticiasdestaque.com.br\/index.php\/2024\/09\/12\/brasileiros-se-unem-para-ajudar-a-nana-em-seu-phd-nos-eua\/","title":{"rendered":"Brasileiros se unem para ajudar a Nana em seu PhD nos EUA"},"content":{"rendered":"\n<p>A Nana \u00e9 advogada e protetora dos animais h\u00e1 mais de 20 anos, j\u00e1 resgatou centenas de animais em situa\u00e7\u00e3o de risco durante sua vida, mas ela percebeu que s\u00f3 resgatar animais n\u00e3o resolveria o problema de abandono e de maus tratos que acontecem todos os dias. <\/p>\n\n\n\n<p>Foi ent\u00e3o que resolveu que precisava se aprofundar em estudos sobre a rela\u00e7\u00e3o humano e animal. Ela ent\u00e3o foi aprovada com bolsa integral para um programa de PhD em uma das melhores universidades do mundo: a Universidade da Calif\u00f3rnia e Nana, seu marido e Maria Isabel, sua cachorra de suporte emocional, se mudaram para os EUA em 2022. <\/p>\n\n\n\n<p>A pesquisa da Nana no PhD \u00e9 sobre a t\u00e9cnica do Cesar Millan, &#8220;o encantador de c\u00e3es&#8221;, que ficou mundialmente conhecido por seu programa de TV em que ajudava a melhorar a rela\u00e7\u00e3o dos c\u00e3es e seus tutores atrav\u00e9s de energia calma e assertiva. <\/p>\n\n\n\n<p>T\u00e9cnica essa que ajudou a Nana em muitos dos seus resgates e inclusive com a rela\u00e7\u00e3o que ela tem com a Maria Isabel hoje em dia.<\/p>\n\n\n\n<figure class=\"wp-block-image size-large\"><img decoding=\"async\" src=\"https:\/\/www.brasilemdestaque.com.br\/wp-content\/uploads\/2024\/09\/1000538774-582x1024.jpg\" alt=\"\" class=\"wp-image-38107\"\/><\/figure>\n\n\n\n<p>Nesse momento, nos EUA esta acontecendo um concurso chamado My Dog My Inspiration. Esse concurso promovido pela Orbiiit tem como pr\u00eamio um dia com o Cesar Millan, aprendendo as suas t\u00e9cnicas e mais $10.000,00 que v\u00e3o ajudar a Nana a financiar a pesquisa dela agora na reta final do PhD. <\/p>\n\n\n\n<p>Nana \u00e9 a \u00fanica brasileira na competi\u00e7\u00e3o e para chegar na final ela precisa de votos de todos que amam os animais e que acreditam que a pesquisa possa fazer diferen\u00e7a na rela\u00e7\u00e3o humano e animal. <\/p>\n\n\n\n<p>O link para vota\u00e7\u00e3o gratuita: <a href=\"https:\/\/orbiiit.com\/contestants\/92154a43-5191-47e5-adeb-b07f8db5c0da\">https:\/\/orbiiit.com\/contestants\/92154a43-5191-47e5-adeb-b07f8db5c0da<\/a> <\/p>\n\n\n\n<p>Para votar, basta clicar no link, rolar a tela at\u00e9 o final e encontrar o FREE VOTE (voto gratuito), vai abrir uma tela para colocar seu email e uma senha qualquer de oito d\u00edgitos, ap\u00f3s validar seu email voc\u00ea j\u00e1 pode votar!<\/p>\n\n\n\n<p>\u00c9 um voto por email e a Nana e a Maria Isabel est\u00e3o contando com a gente para vencer essa competi\u00e7\u00e3o.\u00c9 um voto por email, se voc\u00ea tiver mais de um email pode votar mais de uma vez. <\/p>\n\n\n\n<p>Para mais informa\u00e7\u00f5es o instagram da Nana tem v\u00eddeos e explica\u00e7\u00f5es sobre o concurso <a href=\"https:\/\/www.instagram.com\/moraes_nana\">@moraes_nana<\/a> falta muito pouco para a Final!<\/p>\n<input type=\"hidden\" id=\"baseurl\" value=\"https:\/\/noticiasdestaque.com.br\"><input type=\"hidden\" id=\"audio_nonce\" value=\"581f3017e1\">","protected":false},"excerpt":{"rendered":"<p>A Nana \u00e9 advogada e protetora dos animais h\u00e1 mais de 20 anos, j\u00e1 resgatou centenas de animais em situa\u00e7\u00e3o de risco durante sua vida, mas ela percebeu que s\u00f3 resgatar animais n\u00e3o resolveria o problema de abandono e de maus tratos que acontecem todos os dias. Foi ent\u00e3o que resolveu que precisava se aprofundar [&hellip;]<\/p>\n","protected":false},"author":1,"featured_media":38178,"comment_status":"open","ping_status":"open","sticky":false,"template":"","format":"standard","meta":{"fifu_image_url":"","fifu_image_alt":"","footnotes":""},"categories":[53],"tags":[152],"class_list":["post-38177","post","type-post","status-publish","format-standard","has-post-thumbnail","hentry","category-artigos","tag-nana-advogada-e-protetora-de-animais"],"distributor_meta":false,"distributor_terms":false,"distributor_media":false,"distributor_original_site_name":"Noticias em Destaque","distributor_original_site_url":"https:\/\/noticiasdestaque.com.br","push-errors":false,"_links":{"self":[{"href":"https:\/\/noticiasdestaque.com.br\/index.php\/wp-json\/wp\/v2\/posts\/38177","targetHints":{"allow":["GET"]}}],"collection":[{"href":"https:\/\/noticiasdestaque.com.br\/index.php\/wp-json\/wp\/v2\/posts"}],"about":[{"href":"https:\/\/noticiasdestaque.com.br\/index.php\/wp-json\/wp\/v2\/types\/post"}],"author":[{"embeddable":true,"href":"https:\/\/noticiasdestaque.com.br\/index.php\/wp-json\/wp\/v2\/users\/1"}],"replies":[{"embeddable":true,"href":"https:\/\/noticiasdestaque.com.br\/index.php\/wp-json\/wp\/v2\/comments?post=38177"}],"version-history":[{"count":1,"href":"https:\/\/noticiasdestaque.com.br\/index.php\/wp-json\/wp\/v2\/posts\/38177\/revisions"}],"predecessor-version":[{"id":38179,"href":"https:\/\/noticiasdestaque.com.br\/index.php\/wp-json\/wp\/v2\/posts\/38177\/revisions\/38179"}],"wp:featuredmedia":[{"embeddable":true,"href":"https:\/\/noticiasdestaque.com.br\/index.php\/wp-json\/wp\/v2\/media\/38178"}],"wp:attachment":[{"href":"https:\/\/noticiasdestaque.com.br\/index.php\/wp-json\/wp\/v2\/media?parent=38177"}],"wp:term":[{"taxonomy":"category","embeddable":true,"href":"https:\/\/noticiasdestaque.com.br\/index.php\/wp-json\/wp\/v2\/categories?post=38177"},{"taxonomy":"post_tag","embeddable":true,"href":"https:\/\/noticiasdestaque.com.br\/index.php\/wp-json\/wp\/v2\/tags?post=38177"}],"curies":[{"name":"wp","href":"https:\/\/api.w.org\/{rel}","templated":true}]}}