{"id":38175,"date":"2024-08-30T03:00:00","date_gmt":"2024-08-30T06:00:00","guid":{"rendered":"https:\/\/noticiasdestaque.com.br\/index.php\/2024\/08\/30\/eleicoes-pausa-para-campanhas-pode-prejudicar-votacoes-no-congresso\/"},"modified":"2024-08-30T03:00:00","modified_gmt":"2024-08-30T06:00:00","slug":"eleicoes-pausa-para-campanhas-pode-prejudicar-votacoes-no-congresso","status":"publish","type":"post","link":"https:\/\/noticiasdestaque.com.br\/index.php\/2024\/08\/30\/eleicoes-pausa-para-campanhas-pode-prejudicar-votacoes-no-congresso\/","title":{"rendered":"Elei\u00e7\u00f5es: pausa para campanhas pode prejudicar vota\u00e7\u00f5es no Congresso"},"content":{"rendered":"<p>\t\t\t\t\t\t\t\t\t\t<audio controls class=\"b61_audio_player\" data-noticia=\"74992\" src=\"https:\/\/brasil61.com\/rails\/active_storage\/blobs\/eyJfcmFpbHMiOnsibWVzc2FnZSI6IkJBaHBBMXIyQWc9PSIsImV4cCI6bnVsbCwicHVyIjoiYmxvYl9pZCJ9fQ==--9670c42f4776b5f3e8f109481ad17349482e777a\/BRAS2412538A\"><\/audio><\/p>\n<p>Os esfor\u00e7os e aten\u00e7\u00f5es est\u00e3o voltados para os domic\u00edlios eleitorais. Com as elei\u00e7\u00f5es municipais batendo \u00e0 porta, 65 parlamentares \u2014 entre deputados federais e senadores \u2014 que disputam cargos de prefeito, vice e vereador, se dividem entre o trabalho no Congresso e suas cidades-base em busca de votos.<\/p>\n<p>Enquanto isso, em Bras\u00edlia, pautas importantes v\u00e3o sendo deixadas para depois, como \u00e9 o caso da regulamenta\u00e7\u00e3o da Reforma Tribut\u00e1ria. Para Eduardo Grin, cientista pol\u00edtico, dado o hist\u00f3rico do Brasil, \u00e9 improv\u00e1vel que pautas relevantes sejam abordadas.<\/p>\n<p>\u201cDo ponto de vista do governo, a reforma tribut\u00e1ria sequer come\u00e7ou a ser discutida e eu acho muito dif\u00edcil que at\u00e9 12 de setembro C\u00e2mara e Senado consigam resolver o emaranhado de quest\u00f5es que envolvem a reforma, a quantidade de isen\u00e7\u00f5es, de setores que est\u00e3o pedindo para reduzir imposto. Ser\u00e1 muito dif\u00edcil\u201d, avalia Grin.<\/p>\n<p>Em entrevista \u00e0 r\u00e1dio Senado, o consultor Legislativo de Direito Constitucional do Senado, Clay Teles, explica que o adiamento dessas discuss\u00f5es mais pol\u00eamicas n\u00e3o \u00e9 s\u00f3 por uma preocupa\u00e7\u00e3o quanto \u00e0 repercuss\u00e3o eleitoral desses debates. Segundo Teles, quando adotado esse regime de concentra\u00e7\u00e3o de vota\u00e7\u00f5es, nem sempre as lideran\u00e7as estar\u00e3o presentes, o que dificulta a forma\u00e7\u00e3o de consenso em torno desses temas.\u00a0<\/p>\n<p>\u201cPor conta disso, no per\u00edodo de esfor\u00e7o concentrado, salvo quando extremamente necess\u00e1rio, a pauta do Congresso gira em torno de temas menos pol\u00eamicos, sobre os quais \u00e9 mais f\u00e1cil se atingir consensos\u201d, esclarece o consultor.<\/p>\n<h2>O que deve ficar de fora da pauta<\/h2>\n<p>Outras medidas que envolvem as PECs, como a da saidinha, das drogas, que ainda dependem de aprova\u00e7\u00e3o de uma das casas legislativas, tamb\u00e9m devem ter suas vota\u00e7\u00f5es adiadas. O cientista pol\u00edtico ainda explica que, independentemente do n\u00famero de parlamentares que saem candidatos a prefeito, isso n\u00e3o seria o \u00fanico fator explicativo.\u00a0<\/p>\n<p>\u201cFato \u00e9 que, sobretudo deputados, neste ambiente no qual os munic\u00edpios est\u00e3o recebendo \u2018rios de emendas\u2019 \u2014 emendas PIX, de bancadas, de comiss\u00e3o \u2014 muitos deputados v\u00e3o fazer campanha para seus candidatos que receberam muito dinheiro de emendas\u00a0e, portanto, v\u00e3o estar muito tempo em suas regi\u00f5es fazendo campanha e isso vai ter efeito na presen\u00e7a deles no plen\u00e1rio em Bras\u00edlia\u201d prev\u00ea Eduardo Grin.<\/p>\n<h2>Liberados para presen\u00e7a virtual<\/h2>\n<p>Esta semana, o presidente da C\u00e2mara Arthur Lira, j\u00e1 liberou a presen\u00e7a dos deputados, prevendo a presen\u00e7a virtual nas vota\u00e7\u00e3o em plen\u00e1rio. Apesar do an\u00fancio de que o Congresso faria um esfor\u00e7o concentrado de vota\u00e7\u00f5es at\u00e9 setembro para garantir celeridade nas vota\u00e7\u00f5es mais importantes.<\/p>\n<p>A flexibiliza\u00e7\u00e3o deve dificultar ainda mais o qu\u00f3rum, explica o especialista. \u201cCom presen\u00e7a virtual as aus\u00eancias s\u00e3o maiores e, portanto, \u00e9 muito dif\u00edcil que n\u00f3s tenhamos essa agenda cumprida. Sobretudo em temas que requerem \u2154 de votos, como \u00e9 o caso da Reforma Tribut\u00e1ria, por ser uma Emenda Constitucional.\u201d\u00a0<\/p>\n<p>De maneira hist\u00f3rica no pa\u00eds, em semestres de elei\u00e7\u00f5es o parlamento opera de modo lento, pouco decide quest\u00f5es relevantes e com o aumento do volume de recursos nas emendas liberadas pelos parlamentares, aumentou ainda mais o incentivo para que esses parlamentares se ausentem nas fun\u00e7\u00f5es em Bras\u00edlia e sigam para fazer campanha em suas bases, avalia o cientista.\u00a0<\/p>\n<p><a href=\"https:\/\/brasil61.com\/n\/87-parlamentares-disputam-eleicoes-municipais-em-2024-bras2412493\">87 parlamentares disputam elei\u00e7\u00f5es municipais em 2024<\/a><\/p>\n<p>\t\t\t\t\t\t\t\t\t<img loading=\"lazy\" decoding=\"async\" src=\"https:\/\/brasil61.com\/api\/v1\/serve_pixel\/17677\/74992\" alt=\"Pixel Brasil 61\" class=\"b61_pixel\" width=\"0\" height=\"0\"><\/p>\n<input type=\"hidden\" id=\"baseurl\" value=\"https:\/\/noticiasdestaque.com.br\"><input type=\"hidden\" id=\"audio_nonce\" value=\"6a24ca502e\">","protected":false},"excerpt":{"rendered":"<p>Esfor\u00e7o concentrado no pleito local afasta parlamentares de Bras\u00edlia. Vota\u00e7\u00f5es importantes &#8212; como da da reforma tribut\u00e1ria &#8212; devem ficar para novembro<\/p>\n","protected":false},"author":1,"featured_media":38176,"comment_status":"open","ping_status":"open","sticky":false,"template":"","format":"standard","meta":{"fifu_image_url":"","fifu_image_alt":"","footnotes":""},"categories":[50],"tags":[],"class_list":["post-38175","post","type-post","status-publish","format-standard","has-post-thumbnail","hentry","category-politica"],"distributor_meta":false,"distributor_terms":false,"distributor_media":false,"distributor_original_site_name":"Noticias em Destaque","distributor_original_site_url":"https:\/\/noticiasdestaque.com.br","push-errors":false,"_links":{"self":[{"href":"https:\/\/noticiasdestaque.com.br\/index.php\/wp-json\/wp\/v2\/posts\/38175","targetHints":{"allow":["GET"]}}],"collection":[{"href":"https:\/\/noticiasdestaque.com.br\/index.php\/wp-json\/wp\/v2\/posts"}],"about":[{"href":"https:\/\/noticiasdestaque.com.br\/index.php\/wp-json\/wp\/v2\/types\/post"}],"author":[{"embeddable":true,"href":"https:\/\/noticiasdestaque.com.br\/index.php\/wp-json\/wp\/v2\/users\/1"}],"replies":[{"embeddable":true,"href":"https:\/\/noticiasdestaque.com.br\/index.php\/wp-json\/wp\/v2\/comments?post=38175"}],"version-history":[{"count":0,"href":"https:\/\/noticiasdestaque.com.br\/index.php\/wp-json\/wp\/v2\/posts\/38175\/revisions"}],"wp:featuredmedia":[{"embeddable":true,"href":"https:\/\/noticiasdestaque.com.br\/index.php\/wp-json\/wp\/v2\/media\/38176"}],"wp:attachment":[{"href":"https:\/\/noticiasdestaque.com.br\/index.php\/wp-json\/wp\/v2\/media?parent=38175"}],"wp:term":[{"taxonomy":"category","embeddable":true,"href":"https:\/\/noticiasdestaque.com.br\/index.php\/wp-json\/wp\/v2\/categories?post=38175"},{"taxonomy":"post_tag","embeddable":true,"href":"https:\/\/noticiasdestaque.com.br\/index.php\/wp-json\/wp\/v2\/tags?post=38175"}],"curies":[{"name":"wp","href":"https:\/\/api.w.org\/{rel}","templated":true}]}}