{"id":38165,"date":"2024-09-10T00:02:00","date_gmt":"2024-09-10T03:02:00","guid":{"rendered":"https:\/\/noticiasdestaque.com.br\/index.php\/2024\/09\/10\/reforma-tributaria-plp-108-24-pode-ser-votado-esta-semana-no-congresso\/"},"modified":"2024-09-10T00:02:00","modified_gmt":"2024-09-10T03:02:00","slug":"reforma-tributaria-plp-108-24-pode-ser-votado-esta-semana-no-congresso","status":"publish","type":"post","link":"https:\/\/noticiasdestaque.com.br\/index.php\/2024\/09\/10\/reforma-tributaria-plp-108-24-pode-ser-votado-esta-semana-no-congresso\/","title":{"rendered":"Reforma Tribut\u00e1ria: PLP 108\/24 pode ser votado esta semana no Congresso"},"content":{"rendered":"<p>\t\t\t\t\t\t\t\t\t\t<audio controls class=\"b61_audio_player\" data-noticia=\"76255\" src=\"https:\/\/brasil61.com\/rails\/active_storage\/blobs\/eyJfcmFpbHMiOnsibWVzc2FnZSI6IkJBaHBBMHYrQWc9PSIsImV4cCI6bnVsbCwicHVyIjoiYmxvYl9pZCJ9fQ==--39b95455871eb62326d9e5237e261e302d3023f0\/BRAS2412603A\"><\/audio><\/p>\n<p>Estamos na\u00a0\u00faltima semana de esfor\u00e7o de vota\u00e7\u00e3o no Congresso antes das elei\u00e7\u00f5es municipais, e muitas mat\u00e9rias importantes ainda est\u00e3o na fila, como o segundo texto que regulamenta a Reforma Tribut\u00e1ria \u2014 o PLP 108\/24. Um dos membros do Grupo de Trabalho da C\u00e2mara, o deputado \u00a0Vitor Lippi (PSDB-SP), diz que h\u00e1 uma expectativa de que a pauta seja colocada em vota\u00e7\u00e3o, mas ainda n\u00e3o h\u00e1 sinaliza\u00e7\u00e3o sobre isso.<\/p>\n<p>\u201cA gente espera que seja colocada em pauta. N\u00e3o temos nada muito pol\u00eamico, as quest\u00f5es foram assistidas e analisadas com o setores, eu participei junto e acho que n\u00f3s temos uma boa proposta para o Brasil, que foi feita de forma muito planejada e com uma discuss\u00e3o muito participativa. Temos um bom projeto pela frente.\u201d\u00a0<\/p>\n<p>O in\u00edcio da semana no Congresso costuma ser marcado por uma reuni\u00e3o \u2014 normalmente um almo\u00e7o \u00e0s ter\u00e7as-feiras \u2014 que acontece entre o col\u00e9gio de l\u00edderes da C\u00e2mara e o presidente Arthur Lira para definir as pautas em vota\u00e7\u00e3o na semana.\u00a0<\/p>\n<h2>At\u00e9 o fim do ano<\/h2>\n<p>Enquanto a vota\u00e7\u00e3o do segundo texto regulamentador se define na C\u00e2mara, o primeiro \u2014 PL 68\/24 \u2014 j\u00e1 est\u00e1 em discuss\u00e3o no Senado\u00a0e tamb\u00e9m pode ter defini\u00e7\u00f5es esta semana. O deputado Vitor Lippi quer acompanhar tudo de perto e estar\u00e1 em Bras\u00edlia para fazer isso. Mas, segundo ele, n\u00e3o h\u00e1 pressa.<\/p>\n<p>\u201cO que \u00e9 importante \u00e9 que tudo isso aconte\u00e7a at\u00e9 o fim do ano, e eu acredito que h\u00e1 tempo para isso\u201d afirma Lippi.<\/p>\n<h2>Comit\u00ea gestor do IBS<\/h2>\n<p>Um dos pontos desse projeto \u00e9 justamente sobre o Comit\u00ea gestor do IBS \u2013 que ser\u00e1 criado para gerir o imposto \u00fanico. Para o membro do grupo de trabalho, n\u00e3o h\u00e1 d\u00favidas\u00a0de que ser\u00e1 um comit\u00ea t\u00e9cnico e operacional.<\/p>\n<p>\u201cEle vai ter uma representa\u00e7\u00e3o dos t\u00e9cnicos de cada estado e das representa\u00e7\u00f5es dos munic\u00edpios, exatamente para acompanhar o funcionamento do IVA aqui no Brasil.\u00a0Para que sejam aplicadas todas as suas normas t\u00e9cnicas, todas as quest\u00f5es legais, decis\u00f5es e princ\u00edpios.\u201d\u00a0<\/p>\n<p>O deputado ainda explica que o texto prev\u00ea que seja de responsabilidade do Comit\u00ea Gestor\u00a0a harmoniza\u00e7\u00e3o de tudo: fiscaliza\u00e7\u00e3o, autos, decis\u00f5es. Para que n\u00e3o haja conflitos entre a fiscaliza\u00e7\u00e3o de munic\u00edpios, estados e Uni\u00e3o.\u00a0<\/p>\n<p>Lippi ainda acrescenta que haver\u00e1 tamb\u00e9m a participa\u00e7\u00e3o da popula\u00e7\u00e3o no Comit\u00ea, como forma de aperfei\u00e7oar o sistema e \u201ctirar a judicializa\u00e7\u00e3o, a inseguran\u00e7a, a fim de ter uma simplifica\u00e7\u00e3o e uma harmoniza\u00e7\u00e3o do sistema.\u201d<\/p>\n<p>As vota\u00e7\u00f5es est\u00e3o ocorrendo de forma virtual, o que foi autorizado pelo presidente Lira no m\u00eas passado em fun\u00e7\u00e3o\u00a0das elei\u00e7\u00f5es municipais. O que significa que projetos mais pol\u00eamicos devem, de fato, ficar para novembro.\u00a0<\/p>\n<p><a href=\"https:\/\/brasil61.com\/n\/eleicoes-pausa-para-campanhas-pode-prejudicar-votacoes-no-congresso-bras2412538\">Elei\u00e7\u00f5es: pausa para campanhas pode prejudicar vota\u00e7\u00f5es no Congresso<\/a><\/p>\n<p>\t\t\t\t\t\t\t\t\t<img loading=\"lazy\" decoding=\"async\" src=\"https:\/\/brasil61.com\/api\/v1\/serve_pixel\/17677\/76255\" alt=\"Pixel Brasil 61\" class=\"b61_pixel\" width=\"0\" height=\"0\"><\/p>\n<input type=\"hidden\" id=\"baseurl\" value=\"https:\/\/noticiasdestaque.com.br\"><input type=\"hidden\" id=\"audio_nonce\" value=\"6a24ca502e\">","protected":false},"excerpt":{"rendered":"<p>Em mais uma semana de esfor\u00e7o concentrado de vota\u00e7\u00e3o na C\u00e2mara sobre o PLP 108\/24 \u2014 que regulamenta a reforma \u2014, deputado Vitor Lippi, membro do grupo de trabalho, diz que h\u00e1 uma expectativa que a pauta seja colocada em vota\u00e7\u00e3o, mas ainda n\u00e3o h\u00e1 sinaliza\u00e7\u00e3o sobre isso.<\/p>\n","protected":false},"author":1,"featured_media":38166,"comment_status":"open","ping_status":"open","sticky":false,"template":"","format":"standard","meta":{"fifu_image_url":"","fifu_image_alt":"","footnotes":""},"categories":[50],"tags":[],"class_list":["post-38165","post","type-post","status-publish","format-standard","has-post-thumbnail","hentry","category-politica"],"distributor_meta":false,"distributor_terms":false,"distributor_media":false,"distributor_original_site_name":"Noticias em Destaque","distributor_original_site_url":"https:\/\/noticiasdestaque.com.br","push-errors":false,"_links":{"self":[{"href":"https:\/\/noticiasdestaque.com.br\/index.php\/wp-json\/wp\/v2\/posts\/38165","targetHints":{"allow":["GET"]}}],"collection":[{"href":"https:\/\/noticiasdestaque.com.br\/index.php\/wp-json\/wp\/v2\/posts"}],"about":[{"href":"https:\/\/noticiasdestaque.com.br\/index.php\/wp-json\/wp\/v2\/types\/post"}],"author":[{"embeddable":true,"href":"https:\/\/noticiasdestaque.com.br\/index.php\/wp-json\/wp\/v2\/users\/1"}],"replies":[{"embeddable":true,"href":"https:\/\/noticiasdestaque.com.br\/index.php\/wp-json\/wp\/v2\/comments?post=38165"}],"version-history":[{"count":0,"href":"https:\/\/noticiasdestaque.com.br\/index.php\/wp-json\/wp\/v2\/posts\/38165\/revisions"}],"wp:featuredmedia":[{"embeddable":true,"href":"https:\/\/noticiasdestaque.com.br\/index.php\/wp-json\/wp\/v2\/media\/38166"}],"wp:attachment":[{"href":"https:\/\/noticiasdestaque.com.br\/index.php\/wp-json\/wp\/v2\/media?parent=38165"}],"wp:term":[{"taxonomy":"category","embeddable":true,"href":"https:\/\/noticiasdestaque.com.br\/index.php\/wp-json\/wp\/v2\/categories?post=38165"},{"taxonomy":"post_tag","embeddable":true,"href":"https:\/\/noticiasdestaque.com.br\/index.php\/wp-json\/wp\/v2\/tags?post=38165"}],"curies":[{"name":"wp","href":"https:\/\/api.w.org\/{rel}","templated":true}]}}