{"id":38163,"date":"2024-09-06T00:02:00","date_gmt":"2024-09-06T03:02:00","guid":{"rendered":"https:\/\/noticiasdestaque.com.br\/index.php\/2024\/09\/06\/ficha-limpa-votacao-sobre-flexibilizacao-fica-para-depois-das-eleicoes-municipais\/"},"modified":"2024-09-06T00:02:00","modified_gmt":"2024-09-06T03:02:00","slug":"ficha-limpa-votacao-sobre-flexibilizacao-fica-para-depois-das-eleicoes-municipais","status":"publish","type":"post","link":"https:\/\/noticiasdestaque.com.br\/index.php\/2024\/09\/06\/ficha-limpa-votacao-sobre-flexibilizacao-fica-para-depois-das-eleicoes-municipais\/","title":{"rendered":"Ficha Limpa: Vota\u00e7\u00e3o sobre flexibiliza\u00e7\u00e3o fica para depois das elei\u00e7\u00f5es municipais"},"content":{"rendered":"<p>\t\t\t\t\t\t\t\t\t\t<audio controls class=\"b61_audio_player\" data-noticia=\"75671\" src=\"https:\/\/brasil61.com\/rails\/active_storage\/blobs\/eyJfcmFpbHMiOnsibWVzc2FnZSI6IkJBaHBBOFg3QWc9PSIsImV4cCI6bnVsbCwicHVyIjoiYmxvYl9pZCJ9fQ==--cccf320619478480f45cda78c9c1931100e563fd\/BRAS2412583A\"><\/audio><\/p>\n<p>Ficou para depois das elei\u00e7\u00f5es municipais de outubro a vota\u00e7\u00e3o do projeto de lei que flexibiliza a Lei da Ficha Limpa. Considerada por alguns juristas e parlamentares como um enfraquecimento da lei aprovada em 2010, o PL 192\/23 \u2014 da deputada Dani Cunha (Uni\u00e3o-RJ) \u2014 prev\u00ea, entre outras mudan\u00e7as, a altera\u00e7\u00e3o da contagem do in\u00edcio e tamb\u00e9m o prazo de dura\u00e7\u00e3o da inelegibilidade.<\/p>\n<p>O adiamento da vota\u00e7\u00e3o foi um pedido do relator da proposta, senador Weverton (PDT-MA) ao presidente do senado, Rodrigo Pacheco, que foi acatado. O que na opini\u00e3o do cientista pol\u00edtico Andr\u00e9 C\u00e9sar, foi uma decis\u00e3o acertada.\u00a0<\/p>\n<p>\u201c\u00c9 um problema s\u00e9rio, n\u00e3o pode ser tratado de afogadilho. Eu achei interessante essa posi\u00e7\u00e3o do Rodrigo Pacheco de jogar s\u00f3 para depois das elei\u00e7\u00f5es, at\u00e9 mesmo para n\u00e3o contaminar esse debate &#8220;, diz o cientista.\u00a0<\/p>\n<p>Para Cesar, todo aperfei\u00e7oamento de lei precisa estar no debate, mas n\u00e3o a qualquer custo.<\/p>\n<p>\u201cTem que ser discutido com muita acur\u00e1cia, essa mat\u00e9ria vai ter que ser vista nos detalhes e n\u00e3o pode ser votada rapidamente. \u00c9 muito importante aperfei\u00e7oar a legisla\u00e7\u00e3o, desde que isso seja feito com muito cuidado.\u201d\u00a0<\/p>\n<h2>O que muda com o projeto<\/h2>\n<p>De acordo com a proposta em vota\u00e7\u00e3o, o per\u00edodo de inelegibilidade passaria a ser \u00fanico: de oito anos. Prazo que deve ser contado a partir da data da decis\u00e3o que decretar a perda do mandato; ou do dia da elei\u00e7\u00e3o que ocorreu pr\u00e1tica abusiva; da condena\u00e7\u00e3o ou da data da ren\u00fancia ao cargo eletivo.<\/p>\n<p>Mas para o advogado e professor da FGV, Jean Menezes de Aguiar, a pol\u00eamica do projeto n\u00e3o incide apenas na altera\u00e7\u00e3o dos prazos. Para ele, \u00e9 um retrocesso.\u00a0<\/p>\n<p>\u201cSe existe uma lei de ficha limpa e voc\u00ea passa a flexibiliz\u00e1-la, estamos, no m\u00ednimo, admitindo o vulgarmente considerado \u201cficha suja\u201d, o que \u00e9 um horror.\u201d<\/p>\n<p>O especialista ainda levanta outro ponto pol\u00eamico. \u201c\u00c9 um desvio de finalidade, pois est\u00e1 na cara que isso visa beneficiar pessoas determinadas. H\u00e1 a\u00ed, como uma manifesta\u00e7\u00e3o jur\u00eddica do poder legislativo, um desvio de finalidade, que \u00e9 uma coisa que tamb\u00e9m pode ser amplamente discutida no poder judici\u00e1rio\u201d, critica Menezes.<\/p>\n<p>Lembrando que pela regra atual, em algumas situa\u00e7\u00f5es, o candidato fica impedido de disputar elei\u00e7\u00f5es por um prazo maior que oito anos.\u00a0<\/p>\n<p><a href=\"https:\/\/brasil61.com\/n\/ficha-limpa-projeto-pode-reduzir-prazo-de-inelegibilidade-bras2412474\">Ficha Limpa: projeto pode reduzir prazo de inelegibilidade<\/a><\/p>\n<p>\t\t\t\t\t\t\t\t\t<img loading=\"lazy\" decoding=\"async\" src=\"https:\/\/brasil61.com\/api\/v1\/serve_pixel\/17677\/75671\" alt=\"Pixel Brasil 61\" class=\"b61_pixel\" width=\"0\" height=\"0\"><\/p>\n<input type=\"hidden\" id=\"baseurl\" value=\"https:\/\/noticiasdestaque.com.br\"><input type=\"hidden\" id=\"audio_nonce\" value=\"6a24ca502e\">","protected":false},"excerpt":{"rendered":"<p>O texto muda o prazo de in\u00edcio da contagem e da dura\u00e7\u00e3o da inelegibilidade de candidatos enquadrados na Lei da Ficha Limpa. Projeto \u00e9 considerado pol\u00eamico por especialistas<\/p>\n","protected":false},"author":1,"featured_media":38164,"comment_status":"open","ping_status":"open","sticky":false,"template":"","format":"standard","meta":{"fifu_image_url":"","fifu_image_alt":"","footnotes":""},"categories":[50],"tags":[],"class_list":["post-38163","post","type-post","status-publish","format-standard","has-post-thumbnail","hentry","category-politica"],"distributor_meta":false,"distributor_terms":false,"distributor_media":false,"distributor_original_site_name":"Noticias em Destaque","distributor_original_site_url":"https:\/\/noticiasdestaque.com.br","push-errors":false,"_links":{"self":[{"href":"https:\/\/noticiasdestaque.com.br\/index.php\/wp-json\/wp\/v2\/posts\/38163","targetHints":{"allow":["GET"]}}],"collection":[{"href":"https:\/\/noticiasdestaque.com.br\/index.php\/wp-json\/wp\/v2\/posts"}],"about":[{"href":"https:\/\/noticiasdestaque.com.br\/index.php\/wp-json\/wp\/v2\/types\/post"}],"author":[{"embeddable":true,"href":"https:\/\/noticiasdestaque.com.br\/index.php\/wp-json\/wp\/v2\/users\/1"}],"replies":[{"embeddable":true,"href":"https:\/\/noticiasdestaque.com.br\/index.php\/wp-json\/wp\/v2\/comments?post=38163"}],"version-history":[{"count":0,"href":"https:\/\/noticiasdestaque.com.br\/index.php\/wp-json\/wp\/v2\/posts\/38163\/revisions"}],"wp:featuredmedia":[{"embeddable":true,"href":"https:\/\/noticiasdestaque.com.br\/index.php\/wp-json\/wp\/v2\/media\/38164"}],"wp:attachment":[{"href":"https:\/\/noticiasdestaque.com.br\/index.php\/wp-json\/wp\/v2\/media?parent=38163"}],"wp:term":[{"taxonomy":"category","embeddable":true,"href":"https:\/\/noticiasdestaque.com.br\/index.php\/wp-json\/wp\/v2\/categories?post=38163"},{"taxonomy":"post_tag","embeddable":true,"href":"https:\/\/noticiasdestaque.com.br\/index.php\/wp-json\/wp\/v2\/tags?post=38163"}],"curies":[{"name":"wp","href":"https:\/\/api.w.org\/{rel}","templated":true}]}}