{"id":38161,"date":"2024-09-08T00:01:00","date_gmt":"2024-09-08T03:01:00","guid":{"rendered":"https:\/\/noticiasdestaque.com.br\/index.php\/2024\/09\/08\/eleicoes-2024-mulheres-representam-so-15-dos-candidatos-a-prefeitura\/"},"modified":"2024-09-08T00:01:00","modified_gmt":"2024-09-08T03:01:00","slug":"eleicoes-2024-mulheres-representam-so-15-dos-candidatos-a-prefeitura","status":"publish","type":"post","link":"https:\/\/noticiasdestaque.com.br\/index.php\/2024\/09\/08\/eleicoes-2024-mulheres-representam-so-15-dos-candidatos-a-prefeitura\/","title":{"rendered":"Elei\u00e7\u00f5es 2024: mulheres representam s\u00f3 15% dos candidatos \u00e0 prefeitura"},"content":{"rendered":"<p>\t\t\t\t\t\t\t\t\t\t<audio controls class=\"b61_audio_player\" data-noticia=\"75851\" src=\"https:\/\/brasil61.com\/rails\/active_storage\/blobs\/eyJfcmFpbHMiOnsibWVzc2FnZSI6IkJBaHBBeXI5QWc9PSIsImV4cCI6bnVsbCwicHVyIjoiYmxvYl9pZCJ9fQ==--dbb609b899ae85c62d02c31b1a28a7f9c7a8c995\/BRAS2412591A\"><\/audio><\/p>\n<p>Dados do <a href=\"https:\/\/sig.tse.jus.br\/ords\/dwapr\/r\/seai\/sig-candidaturas\/painel-perfil-candidato?session=208154512260552\" target=\"_blank\" rel=\"noopener\">Tribunal Superior Eleitoral<\/a> (TSE) mostram que apenas 2.330 candidatas mulheres concorrem ao cargo de prefeita nas elei\u00e7\u00f5es municipais de 2024. O n\u00famero corresponde a 15% do total de candidatos ao cargo. Apesar do avan\u00e7o em compara\u00e7\u00e3o com os pleitos anteriores, um estudo da <a href=\"https:\/\/cnm.org.br\/storage\/biblioteca\/2024\/Estudos_tecnicos\/202408_ET_Perfil_das_candidatas_a_prefeita_nas_Eleicoes_.pdf\" target=\"_blank\" rel=\"noopener\">Confedera\u00e7\u00e3o Nacional dos Munic\u00edpios<\/a> (CNM) revela que somente 35% das cidades apresentam alguma candidata na disputa. J\u00e1 para os homens, o \u00edndice \u00e9 de 98% dos munic\u00edpios.<\/p>\n<p>Entre os anos 2000 e 2024, a quantidade de candidatas no pleito praticamente dobrou. Mesmo com a expans\u00e3o, a fundadora e presidente do Movimento Mulheres Municipalistas (MMM) Tania Ziulkoski avalia que o percentual ainda est\u00e1 muito baixo, considerando que as mulheres representam 52% da popula\u00e7\u00e3o brasileira.<\/p>\n<p>\u201c\u00c9 fundamental mais mulheres eleitas para a constru\u00e7\u00e3o de pol\u00edticas atentas \u00e0s necessidades que afetam diretamente a n\u00f3s, mulheres. Fatores que, historicamente, s\u00e3o apontados pelas gestoras que conseguiram ser eleitas na pol\u00edtica s\u00e3o a dificuldade em conciliar a dupla e, \u00e0s vezes, tripla jornada imposta socialmente para a maioria das mulheres, que, al\u00e9m da dedica\u00e7\u00e3o \u00e0 vida pol\u00edtica, precisam ainda cuidar de afazeres dom\u00e9sticos, da fam\u00edlia e do trabalho.\u201d<\/p>\n<h2>Perfil das candidatas<\/h2>\n<p>O levantamento da CNM, com base nos <a href=\"https:\/\/dadosabertos.tse.jus.br\/dataset\/candidatos-2024\" target=\"_blank\" rel=\"noopener\">dados do TSE<\/a>, revela o perfil das candidatas e candidatos:<\/p>\n<table border=\"1\" cellpadding=\"1\" cellspacing=\"1\" style=\"width:500px\">\n<tbody>\n<tr>\n<td>\u00a0<\/td>\n<td><strong>Mulheres<\/strong><\/td>\n<td><strong>Homens<\/strong><\/td>\n<\/tr>\n<tr>\n<td><strong>Idade<\/strong><\/td>\n<td>49 anos<\/td>\n<td>51 anos<\/td>\n<\/tr>\n<tr>\n<td><strong>Ensino Superior Completo<\/strong><\/td>\n<td>79%<\/td>\n<td>55%<\/td>\n<\/tr>\n<tr>\n<td><strong>Casados<\/strong><\/td>\n<td>56%<\/td>\n<td>69%<\/td>\n<\/tr>\n<tr>\n<td><strong>Buscam reelei\u00e7\u00e3o<\/strong><\/td>\n<td>18%<\/td>\n<td>20%<\/td>\n<\/tr>\n<tr>\n<td><strong>Brancos<\/strong><\/td>\n<td>62%<\/td>\n<td>62%<\/td>\n<\/tr>\n<\/tbody>\n<\/table>\n<p>\u00a0<\/p>\n<p>O estudo revela ainda que 52% das candidatas a prefeita se concentram em cinco partidos: MDB (13%), PT (11%), PSD (10%), PL (9%) e Uni\u00e3o (9%). Al\u00e9m disso, o pleito deste ano ter\u00e1 pela primeira vez candidaturas exclusivamente femininas em 101 cidades. Dessas, 24 ter\u00e3o candidatura \u00fanica.\u00a0<\/p>\n<p>Em outros 189 munic\u00edpios, a quantidade de candidatas mulheres \u00e9 maior que a de homens. \u00c9 o caso da cidade de Arceburgo, no sul de Minas Gerais. Pela primeira vez na hist\u00f3ria do munic\u00edpio, duas mulheres concorrem ao cargo do Executivo.<\/p>\n<p>A arceburguense Johany de Moraes, de 33 anos, diz que se sente satisfeita por ter duas candidatas disputando um cargo que, por anos, foi ocupado pela presen\u00e7a masculina.<\/p>\n<p>\u201cAs duas partes t\u00eam propostas boas e o fato de serem duas mulheres n\u00e3o s\u00f3 traz a diversidade de g\u00eanero, mas tamb\u00e9m ajuda na quebra de estere\u00f3tipos que ainda existem sobre a capacidade das mulheres de liderar, especialmente na \u00e1rea da pol\u00edtica e poder p\u00fablico, tradicionalmente j\u00e1 ditado pela maioria dos homens. Essa elei\u00e7\u00e3o, acho que vai servir de inspira\u00e7\u00e3o para empoderar a presen\u00e7a feminina nos cargos de disputas futuras.\u201d<\/p>\n<h2>Viol\u00eancia pol\u00edtica de g\u00eanero<\/h2>\n<p>A presidente do MMM Tania Ziulkoski destaca um outro levantamento da Confedera\u00e7\u00e3o Nacional dos Munic\u00edpios, realizado em janeiro deste ano com atuais prefeitas e vice-prefeitas, sobre a viol\u00eancia pol\u00edtica de g\u00eanero que limita a participa\u00e7\u00e3o mais forte das mulheres nos cargos p\u00fablicos. \u201c60,3% afirmaram que j\u00e1 foram v\u00edtimas de viol\u00eancia no ambiente virtual e 53,1% apontaram que j\u00e1 sofreram viol\u00eancia pol\u00edtica de g\u00eanero\u201d.<\/p>\n<p>Nesta semana, a Comiss\u00e3o Mista de Combate \u00e0 Viol\u00eancia Contra a Mulher do Senado Federal promoveu uma audi\u00eancia p\u00fablica para falar sobre o enfrentamento a esse tipo de viol\u00eancia. Na ocasi\u00e3o, a representante da Defensoria P\u00fablica da Uni\u00e3o (DPU) Rafaella Mikos Passos destacou o papel do Programa Nacional de Enfrentamento \u00e0 Viol\u00eancia Pol\u00edtica de G\u00eanero como ferramenta de assist\u00eancia jur\u00eddica gratuita para candidatas e eleitoras.<\/p>\n<p>\u201cA DPU criou um canal de den\u00fancias, de pedidos de assist\u00eancia. Um canal online, que est\u00e1 dispon\u00edvel no site da DPU, para atuar nos casos recebidos em todo o territ\u00f3rio nacional e nas unidades da DPU, onde ela j\u00e1 est\u00e1 instalada. Ent\u00e3o, a inten\u00e7\u00e3o \u00e9 atuar em todos os casos de viol\u00eancia pol\u00edtica de g\u00eanero que chegarem ao conhecimento da Defensoria P\u00fablica da Uni\u00e3o nessas elei\u00e7\u00f5es de 2024.\u201d<\/p>\n<p>Segundo Rafaella Mikos Passos, outro objetivo do programa \u00e9 capacitar defensores p\u00fablicos sobre a tem\u00e1tica da viol\u00eancia pol\u00edtica de g\u00eanero, que n\u00e3o ocorre apenas contra as candidatas \u00e0 prefeitura, mas tamb\u00e9m com eleitoras e mulheres que ocupam outros cargos n\u00e3o eletivos.<\/p>\n<p>Para saber mais ou denunciar, acesse: <a href=\"https:\/\/politicadegenero.dpu.def.br\/\" target=\"_blank\" rel=\"noopener\">politicadegenero.dpu.def.br<\/a>.<\/p>\n<p><strong><a href=\"https:\/\/brasil61.com\/n\/eleicoes-2024-para-78-dos-brasileiros-controle-de-fake-news-nas-redes-e-importante-bras2412584\" target=\"_blank\" rel=\"noopener\">Elei\u00e7\u00f5es 2024: para 78% dos brasileiros, controle de fake news nas redes \u00e9 importante<\/a><\/strong><\/p>\n<p><strong><a href=\"https:\/\/brasil61.com\/n\/numero-de-eleitores-de-16-e-17-anos-aumentou-78-desde-2020-bras2412561\" target=\"_blank\" rel=\"noopener\">N\u00famero de eleitores de 16 e 17 anos aumentou 78% desde 2020<\/a><\/strong><\/p>\n<p>\t\t\t\t\t\t\t\t\t<img loading=\"lazy\" decoding=\"async\" src=\"https:\/\/brasil61.com\/api\/v1\/serve_pixel\/17677\/75851\" alt=\"Pixel Brasil 61\" class=\"b61_pixel\" width=\"0\" height=\"0\"><\/p>\n<input type=\"hidden\" id=\"baseurl\" value=\"https:\/\/noticiasdestaque.com.br\"><input type=\"hidden\" id=\"audio_nonce\" value=\"6a24ca502e\">","protected":false},"excerpt":{"rendered":"<p>Apesar do avan\u00e7o em compara\u00e7\u00e3o aos pleitos anteriores, somente 35% das cidades apresentam alguma candidata na disputa, aponta CNM<\/p>\n","protected":false},"author":1,"featured_media":38162,"comment_status":"open","ping_status":"open","sticky":false,"template":"","format":"standard","meta":{"fifu_image_url":"","fifu_image_alt":"","footnotes":""},"categories":[50],"tags":[],"class_list":["post-38161","post","type-post","status-publish","format-standard","has-post-thumbnail","hentry","category-politica"],"distributor_meta":false,"distributor_terms":false,"distributor_media":false,"distributor_original_site_name":"Noticias em Destaque","distributor_original_site_url":"https:\/\/noticiasdestaque.com.br","push-errors":false,"_links":{"self":[{"href":"https:\/\/noticiasdestaque.com.br\/index.php\/wp-json\/wp\/v2\/posts\/38161","targetHints":{"allow":["GET"]}}],"collection":[{"href":"https:\/\/noticiasdestaque.com.br\/index.php\/wp-json\/wp\/v2\/posts"}],"about":[{"href":"https:\/\/noticiasdestaque.com.br\/index.php\/wp-json\/wp\/v2\/types\/post"}],"author":[{"embeddable":true,"href":"https:\/\/noticiasdestaque.com.br\/index.php\/wp-json\/wp\/v2\/users\/1"}],"replies":[{"embeddable":true,"href":"https:\/\/noticiasdestaque.com.br\/index.php\/wp-json\/wp\/v2\/comments?post=38161"}],"version-history":[{"count":0,"href":"https:\/\/noticiasdestaque.com.br\/index.php\/wp-json\/wp\/v2\/posts\/38161\/revisions"}],"wp:featuredmedia":[{"embeddable":true,"href":"https:\/\/noticiasdestaque.com.br\/index.php\/wp-json\/wp\/v2\/media\/38162"}],"wp:attachment":[{"href":"https:\/\/noticiasdestaque.com.br\/index.php\/wp-json\/wp\/v2\/media?parent=38161"}],"wp:term":[{"taxonomy":"category","embeddable":true,"href":"https:\/\/noticiasdestaque.com.br\/index.php\/wp-json\/wp\/v2\/categories?post=38161"},{"taxonomy":"post_tag","embeddable":true,"href":"https:\/\/noticiasdestaque.com.br\/index.php\/wp-json\/wp\/v2\/tags?post=38161"}],"curies":[{"name":"wp","href":"https:\/\/api.w.org\/{rel}","templated":true}]}}