{"id":38147,"date":"2024-09-10T18:00:00","date_gmt":"2024-09-10T21:00:00","guid":{"rendered":"https:\/\/noticiasdestaque.com.br\/index.php\/2024\/09\/10\/previsao-do-tempo-sudeste-tera-quarta-feira-11-de-ceu-claro-e-baixa-umidade-do-ar\/"},"modified":"2024-09-10T18:00:00","modified_gmt":"2024-09-10T21:00:00","slug":"previsao-do-tempo-sudeste-tera-quarta-feira-11-de-ceu-claro-e-baixa-umidade-do-ar","status":"publish","type":"post","link":"https:\/\/noticiasdestaque.com.br\/index.php\/2024\/09\/10\/previsao-do-tempo-sudeste-tera-quarta-feira-11-de-ceu-claro-e-baixa-umidade-do-ar\/","title":{"rendered":"PREVIS\u00c3O DO TEMPO: Sudeste ter\u00e1 quarta-feira (11) de c\u00e9u claro e baixa umidade do ar"},"content":{"rendered":"<p>\t\t\t\t\t\t\t\t\t\t<audio controls class=\"b61_audio_player\" data-noticia=\"76448\" src=\"https:\/\/brasil61.com\/rails\/active_storage\/blobs\/eyJfcmFpbHMiOnsibWVzc2FnZSI6IkJBaHBBei8vQWc9PSIsImV4cCI6bnVsbCwicHVyIjoiYmxvYl9pZCJ9fQ==--55f5471fb720a12d28ea0cce27a2dc8d8ccc9179\/PTSD243809A\"><\/audio><\/p>\n<p>Esta quarta-feira (11) come\u00e7a com n\u00e9voa seca e c\u00e9u claro em boa parte do Sudeste do pa\u00eds, em estados como S\u00e3o Paulo e Minas Gerais. No estado paulista, a condi\u00e7\u00e3o chega para os munic\u00edpios mais ao oeste, como Guara\u00e7a\u00ed, Dracena e Pereira Barreto. Por\u00e9m, no decorrer do dia, a mesma previs\u00e3o se estende para a \u00e1rea mais central do estado.\u00a0<\/p>\n<p>Em Minas Gerais, a n\u00e9voa seca estar\u00e1 presente em cidades do tri\u00e2ngulo mineiro, como Monte Alegre de Minas, Ituiutaba e Prata. J\u00e1 na faixa leste de Minas, o c\u00e9u vai estar apenas com poucas nuvens, sem previs\u00e3o de chuva.\u00a0<\/p>\n<p>Essa mesma condi\u00e7\u00e3o est\u00e1 prevista para todo o estado do Rio de Janeiro, assim com para o Esp\u00edrito Santo, em cidades como S\u00e3o Fid\u00e9lis, no estado fluminense; e S\u00e3o Mateus, no estado capixaba.\u00a0<\/p>\n<p>De acordo com o Instituto Nacional de Meteorologia (INMET), na maior parte de Minas Gerais, em S\u00e3o Paulo e Rio de Janeiro, esta quarta-feira tamb\u00e9m contar\u00e1 com perigo de baixa umidade do ar.\u00a0<\/p>\n<p>Entre as capitais, a temperatura m\u00ednima ser\u00e1 de 15C\u00b0, em Belo Horizonte (MG), enquanto a m\u00e1xima prevista ser\u00e1 de 37C\u00b0, no Rio de Janeiro (RJ). A umidade relativa do ar varia entre 12% e 90%.\u00a0<\/p>\n<p>As informa\u00e7\u00f5es s\u00e3o do Instituto Nacional de Meteorologia.\u00a0<\/p>\n<p>\u00a0<\/p>\n<p>\t\t\t\t\t\t\t\t\t<img loading=\"lazy\" decoding=\"async\" src=\"https:\/\/brasil61.com\/api\/v1\/serve_pixel\/17677\/76448\" alt=\"Pixel Brasil 61\" class=\"b61_pixel\" width=\"0\" height=\"0\"><\/p>\n<input type=\"hidden\" id=\"baseurl\" value=\"https:\/\/noticiasdestaque.com.br\"><input type=\"hidden\" id=\"audio_nonce\" value=\"6f73a554f1\">","protected":false},"excerpt":{"rendered":"<p>Entre as capitais, a temperatura m\u00ednima ser\u00e1 de 15C\u00b0, em Belo Horizonte (MG), enquanto a m\u00e1xima prevista ser\u00e1 de 37C\u00b0, no Rio de Janeiro (RJ)<\/p>\n","protected":false},"author":1,"featured_media":38148,"comment_status":"open","ping_status":"open","sticky":false,"template":"","format":"standard","meta":{"fifu_image_url":"","fifu_image_alt":"","footnotes":""},"categories":[58],"tags":[],"class_list":["post-38147","post","type-post","status-publish","format-standard","has-post-thumbnail","hentry","category-cotidiano"],"distributor_meta":false,"distributor_terms":false,"distributor_media":false,"distributor_original_site_name":"Noticias em Destaque","distributor_original_site_url":"https:\/\/noticiasdestaque.com.br","push-errors":false,"_links":{"self":[{"href":"https:\/\/noticiasdestaque.com.br\/index.php\/wp-json\/wp\/v2\/posts\/38147","targetHints":{"allow":["GET"]}}],"collection":[{"href":"https:\/\/noticiasdestaque.com.br\/index.php\/wp-json\/wp\/v2\/posts"}],"about":[{"href":"https:\/\/noticiasdestaque.com.br\/index.php\/wp-json\/wp\/v2\/types\/post"}],"author":[{"embeddable":true,"href":"https:\/\/noticiasdestaque.com.br\/index.php\/wp-json\/wp\/v2\/users\/1"}],"replies":[{"embeddable":true,"href":"https:\/\/noticiasdestaque.com.br\/index.php\/wp-json\/wp\/v2\/comments?post=38147"}],"version-history":[{"count":0,"href":"https:\/\/noticiasdestaque.com.br\/index.php\/wp-json\/wp\/v2\/posts\/38147\/revisions"}],"wp:featuredmedia":[{"embeddable":true,"href":"https:\/\/noticiasdestaque.com.br\/index.php\/wp-json\/wp\/v2\/media\/38148"}],"wp:attachment":[{"href":"https:\/\/noticiasdestaque.com.br\/index.php\/wp-json\/wp\/v2\/media?parent=38147"}],"wp:term":[{"taxonomy":"category","embeddable":true,"href":"https:\/\/noticiasdestaque.com.br\/index.php\/wp-json\/wp\/v2\/categories?post=38147"},{"taxonomy":"post_tag","embeddable":true,"href":"https:\/\/noticiasdestaque.com.br\/index.php\/wp-json\/wp\/v2\/tags?post=38147"}],"curies":[{"name":"wp","href":"https:\/\/api.w.org\/{rel}","templated":true}]}}