{"id":38143,"date":"2024-09-10T18:00:00","date_gmt":"2024-09-10T21:00:00","guid":{"rendered":"https:\/\/noticiasdestaque.com.br\/index.php\/2024\/09\/10\/norte-tera-quarta-feira-11-de-chuva-em-areas-do-amazonas-e-roraima\/"},"modified":"2024-09-10T18:00:00","modified_gmt":"2024-09-10T21:00:00","slug":"norte-tera-quarta-feira-11-de-chuva-em-areas-do-amazonas-e-roraima","status":"publish","type":"post","link":"https:\/\/noticiasdestaque.com.br\/index.php\/2024\/09\/10\/norte-tera-quarta-feira-11-de-chuva-em-areas-do-amazonas-e-roraima\/","title":{"rendered":"Norte ter\u00e1 quarta-feira (11) de chuva em \u00e1reas do Amazonas e Roraima"},"content":{"rendered":"<p>\t\t\t\t\t\t\t\t\t\t<audio controls class=\"b61_audio_player\" data-noticia=\"76445\" src=\"https:\/\/brasil61.com\/rails\/active_storage\/blobs\/eyJfcmFpbHMiOnsibWVzc2FnZSI6IkJBaHBBMEgvQWc9PSIsImV4cCI6bnVsbCwicHVyIjoiYmxvYl9pZCJ9fQ==--abc40b60ed59cbac88120b54086baee3998d76a8\/PTRN244165A\"><\/audio><\/p>\n<p>A previs\u00e3o do tempo para esta quarta-feira (11) indica que haver\u00e1 chuva isolada na \u00e1rea mais ao norte dos estados do Amazonas e de Roraima, condi\u00e7\u00e3o que deve abranger cidades como Santa Isabel do Rio Negro (AM) e Amajari (RR). No decorrer do dia, a mesma previs\u00e3o se espalha para o oeste amazonense, em cidades como Japur\u00e1 e Santo Ant\u00f4nio do I\u00e7a.\u00a0<\/p>\n<p>Para outra grande parte da regi\u00e3o, a quarta-feira ser\u00e1 de c\u00e9u com muitas nuvens, sem previs\u00e3o de chuva, sobretudo na microrregi\u00e3o de Juru\u00e1, no Acre; leste do Amazonas; quase todo o Amap\u00e1, em cidades como Pedra Branca do Amapari e Maza\u00e7\u00e3o; al\u00e9m do norte do Par\u00e1, em munic\u00edpios como Oriximin\u00e1 e Monte Alegre.\u00a0<\/p>\n<p>J\u00e1 para os estados de Tocantins e Rond\u00f4nia, a previs\u00e3o ser\u00e1 de n\u00e9voa seca e c\u00e9u com poucas nuvens, condi\u00e7\u00f5es previstas para cidades como Parecis, no sul rondoniense; e Sucupira, no sul tocantinense. Ainda para Rond\u00f4nia, o Instituto Nacional de Meteorologia (INMET) prev\u00ea perigo de onda de calor.\u00a0<\/p>\n<p>Entre as capitais, a temperatura m\u00ednima ser\u00e1 de 23C\u00b0, em Rio Branco (AC), enquanto a m\u00e1xima prevista ser\u00e1 de 38C\u00b0, em Porto Velho (RO). A umidade relativa do ar varia entre 15% e 95%.\u00a0<\/p>\n<p>As informa\u00e7\u00f5es s\u00e3o do Instituto Nacional de Meteorologia.\u00a0<br \/>\n\u00a0<\/p>\n<p>\t\t\t\t\t\t\t\t\t<img loading=\"lazy\" decoding=\"async\" src=\"https:\/\/brasil61.com\/api\/v1\/serve_pixel\/17677\/76445\" alt=\"Pixel Brasil 61\" class=\"b61_pixel\" width=\"0\" height=\"0\"><\/p>\n<input type=\"hidden\" id=\"baseurl\" value=\"https:\/\/noticiasdestaque.com.br\"><input type=\"hidden\" id=\"audio_nonce\" value=\"6f73a554f1\">","protected":false},"excerpt":{"rendered":"<p>Para outra grande parte da regi\u00e3o, a quarta-feira ser\u00e1 de c\u00e9u com muitas nuvens, sem previs\u00e3o de chuva<\/p>\n","protected":false},"author":1,"featured_media":38144,"comment_status":"open","ping_status":"open","sticky":false,"template":"","format":"standard","meta":{"fifu_image_url":"","fifu_image_alt":"","footnotes":""},"categories":[58],"tags":[],"class_list":["post-38143","post","type-post","status-publish","format-standard","has-post-thumbnail","hentry","category-cotidiano"],"distributor_meta":false,"distributor_terms":false,"distributor_media":false,"distributor_original_site_name":"Noticias em Destaque","distributor_original_site_url":"https:\/\/noticiasdestaque.com.br","push-errors":false,"_links":{"self":[{"href":"https:\/\/noticiasdestaque.com.br\/index.php\/wp-json\/wp\/v2\/posts\/38143","targetHints":{"allow":["GET"]}}],"collection":[{"href":"https:\/\/noticiasdestaque.com.br\/index.php\/wp-json\/wp\/v2\/posts"}],"about":[{"href":"https:\/\/noticiasdestaque.com.br\/index.php\/wp-json\/wp\/v2\/types\/post"}],"author":[{"embeddable":true,"href":"https:\/\/noticiasdestaque.com.br\/index.php\/wp-json\/wp\/v2\/users\/1"}],"replies":[{"embeddable":true,"href":"https:\/\/noticiasdestaque.com.br\/index.php\/wp-json\/wp\/v2\/comments?post=38143"}],"version-history":[{"count":0,"href":"https:\/\/noticiasdestaque.com.br\/index.php\/wp-json\/wp\/v2\/posts\/38143\/revisions"}],"wp:featuredmedia":[{"embeddable":true,"href":"https:\/\/noticiasdestaque.com.br\/index.php\/wp-json\/wp\/v2\/media\/38144"}],"wp:attachment":[{"href":"https:\/\/noticiasdestaque.com.br\/index.php\/wp-json\/wp\/v2\/media?parent=38143"}],"wp:term":[{"taxonomy":"category","embeddable":true,"href":"https:\/\/noticiasdestaque.com.br\/index.php\/wp-json\/wp\/v2\/categories?post=38143"},{"taxonomy":"post_tag","embeddable":true,"href":"https:\/\/noticiasdestaque.com.br\/index.php\/wp-json\/wp\/v2\/tags?post=38143"}],"curies":[{"name":"wp","href":"https:\/\/api.w.org\/{rel}","templated":true}]}}