{"id":38141,"date":"2024-09-10T18:00:00","date_gmt":"2024-09-10T21:00:00","guid":{"rendered":"https:\/\/noticiasdestaque.com.br\/index.php\/2024\/09\/10\/pevisao-do-tempo-centro-oeste-tera-quarta-feira-11-de-nevoa-seca-e-baixa-umidade\/"},"modified":"2024-09-10T18:00:00","modified_gmt":"2024-09-10T21:00:00","slug":"pevisao-do-tempo-centro-oeste-tera-quarta-feira-11-de-nevoa-seca-e-baixa-umidade","status":"publish","type":"post","link":"https:\/\/noticiasdestaque.com.br\/index.php\/2024\/09\/10\/pevisao-do-tempo-centro-oeste-tera-quarta-feira-11-de-nevoa-seca-e-baixa-umidade\/","title":{"rendered":"PEVIS\u00c3O DO TEMPO: Centro-Oeste ter\u00e1 quarta-feira (11) de n\u00e9voa seca e baixa umidade"},"content":{"rendered":"<p>\t\t\t\t\t\t\t\t\t\t<audio controls class=\"b61_audio_player\" data-noticia=\"76412\" src=\"https:\/\/brasil61.com\/rails\/active_storage\/blobs\/eyJfcmFpbHMiOnsibWVzc2FnZSI6IkJBaHBBMEwvQWc9PSIsImV4cCI6bnVsbCwicHVyIjoiYmxvYl9pZCJ9fQ==--90ae605888c7b2ec0d2e06587b5647f100c9bd95\/PTCO243822A\"><\/audio><\/p>\n<p>A previs\u00e3o do tempo para o Centro-Oeste brasileiro aponta que esta quarta-feira (11) ter\u00e1 predomin\u00e2ncia de n\u00e9voa seca em praticamente toda a regi\u00e3o. \u00a0Em Goi\u00e1s, por exemplo, a condi\u00e7\u00e3o deve ser percebida em munic\u00edpios do noroeste do estado, como Aruan\u00e3, Jussara e Nova Crix\u00e1s. A previs\u00e3o tamb\u00e9m inclui todo o Distrito Federal.<\/p>\n<p>No Mato Grosso, a situa\u00e7\u00e3o n\u00e3o \u00e9 diferente. Com isso, cidades do nordeste do estado, como S\u00e3o F\u00e9lix do Araguaia e Ribeir\u00e3o Cascalheira, ter\u00e3o dia de n\u00e9voa seca. A exce\u00e7\u00e3o fica para alguns munic\u00edpios do norte mato-grossense, como Apiac\u00e1s e Colniza, onde o c\u00e9u estar\u00e1 com poucas nuvens.\u00a0<\/p>\n<p>J\u00e1 no Mato Grosso do Sul, a n\u00e9voa seca est\u00e1 prevista para todas as microrregi\u00f5es do estado, incluindo cidades como Miranda, Sonora e Porto Murtinho.\u00a0<\/p>\n<p>De acordo com o Instituto Nacional de Meteorologia (INMET), todo o Centro-Oeste do pa\u00eds ter\u00e1, nesta quarta-feira, alerta para perigo de baixa umidade do ar e onda de calor.\u00a0<\/p>\n<p>Entre as capitais, a temperatura m\u00ednima ser\u00e1 de 15C\u00b0, em Goi\u00e2nia (GO), enquanto a m\u00e1xima prevista ser\u00e1 de 41C\u00b0, em Cuiab\u00e1 (MT). A umidade relativa do ar varia entre 10% e 55%.\u00a0<\/p>\n<p>As informa\u00e7\u00f5es s\u00e3o do Instituto Nacional de Meteorologia.\u00a0<br \/>\n\u00a0<\/p>\n<p>\t\t\t\t\t\t\t\t\t<img loading=\"lazy\" decoding=\"async\" src=\"https:\/\/brasil61.com\/api\/v1\/serve_pixel\/17677\/76412\" alt=\"Pixel Brasil 61\" class=\"b61_pixel\" width=\"0\" height=\"0\"><\/p>\n<input type=\"hidden\" id=\"baseurl\" value=\"https:\/\/noticiasdestaque.com.br\"><input type=\"hidden\" id=\"audio_nonce\" value=\"6f73a554f1\">","protected":false},"excerpt":{"rendered":"<p>No Mato Grosso do Sul, por exemplo, a n\u00e9voa seca est\u00e1 prevista para todas as microrregi\u00f5es do estado<\/p>\n","protected":false},"author":1,"featured_media":38142,"comment_status":"open","ping_status":"open","sticky":false,"template":"","format":"standard","meta":{"fifu_image_url":"","fifu_image_alt":"","footnotes":""},"categories":[58],"tags":[],"class_list":["post-38141","post","type-post","status-publish","format-standard","has-post-thumbnail","hentry","category-cotidiano"],"distributor_meta":false,"distributor_terms":false,"distributor_media":false,"distributor_original_site_name":"Noticias em Destaque","distributor_original_site_url":"https:\/\/noticiasdestaque.com.br","push-errors":false,"_links":{"self":[{"href":"https:\/\/noticiasdestaque.com.br\/index.php\/wp-json\/wp\/v2\/posts\/38141","targetHints":{"allow":["GET"]}}],"collection":[{"href":"https:\/\/noticiasdestaque.com.br\/index.php\/wp-json\/wp\/v2\/posts"}],"about":[{"href":"https:\/\/noticiasdestaque.com.br\/index.php\/wp-json\/wp\/v2\/types\/post"}],"author":[{"embeddable":true,"href":"https:\/\/noticiasdestaque.com.br\/index.php\/wp-json\/wp\/v2\/users\/1"}],"replies":[{"embeddable":true,"href":"https:\/\/noticiasdestaque.com.br\/index.php\/wp-json\/wp\/v2\/comments?post=38141"}],"version-history":[{"count":0,"href":"https:\/\/noticiasdestaque.com.br\/index.php\/wp-json\/wp\/v2\/posts\/38141\/revisions"}],"wp:featuredmedia":[{"embeddable":true,"href":"https:\/\/noticiasdestaque.com.br\/index.php\/wp-json\/wp\/v2\/media\/38142"}],"wp:attachment":[{"href":"https:\/\/noticiasdestaque.com.br\/index.php\/wp-json\/wp\/v2\/media?parent=38141"}],"wp:term":[{"taxonomy":"category","embeddable":true,"href":"https:\/\/noticiasdestaque.com.br\/index.php\/wp-json\/wp\/v2\/categories?post=38141"},{"taxonomy":"post_tag","embeddable":true,"href":"https:\/\/noticiasdestaque.com.br\/index.php\/wp-json\/wp\/v2\/tags?post=38141"}],"curies":[{"name":"wp","href":"https:\/\/api.w.org\/{rel}","templated":true}]}}