{"id":38139,"date":"2024-09-10T18:00:00","date_gmt":"2024-09-10T21:00:00","guid":{"rendered":"https:\/\/noticiasdestaque.com.br\/index.php\/2024\/09\/10\/pevisao-do-tempo-regiao-sul-tera-alerta-para-onda-de-calor-nesta-quarta-feira-11\/"},"modified":"2024-09-10T18:00:00","modified_gmt":"2024-09-10T21:00:00","slug":"pevisao-do-tempo-regiao-sul-tera-alerta-para-onda-de-calor-nesta-quarta-feira-11","status":"publish","type":"post","link":"https:\/\/noticiasdestaque.com.br\/index.php\/2024\/09\/10\/pevisao-do-tempo-regiao-sul-tera-alerta-para-onda-de-calor-nesta-quarta-feira-11\/","title":{"rendered":"PEVIS\u00c3O DO TEMPO: regi\u00e3o Sul ter\u00e1 alerta para onda de calor, nesta quarta-feira (11)"},"content":{"rendered":"<p>\t\t\t\t\t\t\t\t\t\t<audio controls class=\"b61_audio_player\" data-noticia=\"76379\" src=\"https:\/\/brasil61.com\/rails\/active_storage\/blobs\/eyJfcmFpbHMiOnsibWVzc2FnZSI6IkJBaHBBMFAvQWc9PSIsImV4cCI6bnVsbCwicHVyIjoiYmxvYl9pZCJ9fQ==--6f5058194457c6c2fc26aab689773c5207ac064c\/PTRS243692A\"><\/audio><\/p>\n<p>Os tr\u00eas estados da regi\u00e3o Sul do Brasil v\u00e3o contar, nesta quarta-feira (11), com alerta para perigo de onda de calor. A condi\u00e7\u00e3o deve abranger munic\u00edpios do norte do Rio Grande do Sul, como Alegria e Boa Vista das Miss\u00f5es; assim como do oeste catarinense e paranaense, como Anchieta (SC) e C\u00e9u Azul (PR).\u00a0<\/p>\n<p>De acordo com o Instituto Nacional de Meteorologia (INMET), o sul ga\u00facho ter\u00e1 um dia de c\u00e9u com muitas nuvens, al\u00e9m de pancadas de chuva, sobretudo em munic\u00edpios como Herval e Santa Vit\u00f3ria do Palmar. Na maior parte do Rio Grande do Sul, o c\u00e9u estar\u00e1 com muitas nuvens.\u00a0<\/p>\n<p>J\u00e1 em Santa Catarina, a predomin\u00e2ncia \u00e9 de c\u00e9u com poucas nuvens, em cidades como \u00c1gua Doce e Ca\u00e7ador. J\u00e1 mais ao leste do estado, em \u00e1reas mais litor\u00e2neas, a previs\u00e3o \u00e9 de c\u00e9u com muitas nuvens.\u00a0<\/p>\n<p>No Paran\u00e1, por sua vez, a \u00e1rea mais ao norte do estado contar\u00e1 com n\u00e9voa seca, al\u00e9m de c\u00e9u com poucas nuvens \u2013 condi\u00e7\u00e3o esperada em munic\u00edpios como Amapor\u00e3 e Atalaia.\u00a0<\/p>\n<p>Entre as capitais, a temperatura m\u00ednima ser\u00e1 de 18C\u00b0, em Florian\u00f3polis (SC), enquanto a m\u00e1xima prevista ser\u00e1 de 36C\u00b0, em Porto Alegre (RS). A umidade relativa do ar varia entre 20% e 100%.\u00a0<\/p>\n<p>As informa\u00e7\u00f5es s\u00e3o do Instituto Nacional de Meteorologia.\u00a0<br \/>\n\u00a0<\/p>\n<p>\t\t\t\t\t\t\t\t\t<img loading=\"lazy\" decoding=\"async\" src=\"https:\/\/brasil61.com\/api\/v1\/serve_pixel\/17677\/76379\" alt=\"Pixel Brasil 61\" class=\"b61_pixel\" width=\"0\" height=\"0\"><\/p>\n<input type=\"hidden\" id=\"baseurl\" value=\"https:\/\/noticiasdestaque.com.br\"><input type=\"hidden\" id=\"audio_nonce\" value=\"6f73a554f1\">","protected":false},"excerpt":{"rendered":"<p>A condi\u00e7\u00e3o deve abranger munic\u00edpios do norte do Rio Grande do Sul, como Alegria e Boa Vista das Miss\u00f5es; assim como do oeste catarinense e paranaense<\/p>\n","protected":false},"author":1,"featured_media":38140,"comment_status":"open","ping_status":"open","sticky":false,"template":"","format":"standard","meta":{"fifu_image_url":"","fifu_image_alt":"","footnotes":""},"categories":[58],"tags":[],"class_list":["post-38139","post","type-post","status-publish","format-standard","has-post-thumbnail","hentry","category-cotidiano"],"distributor_meta":false,"distributor_terms":false,"distributor_media":false,"distributor_original_site_name":"Noticias em Destaque","distributor_original_site_url":"https:\/\/noticiasdestaque.com.br","push-errors":false,"_links":{"self":[{"href":"https:\/\/noticiasdestaque.com.br\/index.php\/wp-json\/wp\/v2\/posts\/38139","targetHints":{"allow":["GET"]}}],"collection":[{"href":"https:\/\/noticiasdestaque.com.br\/index.php\/wp-json\/wp\/v2\/posts"}],"about":[{"href":"https:\/\/noticiasdestaque.com.br\/index.php\/wp-json\/wp\/v2\/types\/post"}],"author":[{"embeddable":true,"href":"https:\/\/noticiasdestaque.com.br\/index.php\/wp-json\/wp\/v2\/users\/1"}],"replies":[{"embeddable":true,"href":"https:\/\/noticiasdestaque.com.br\/index.php\/wp-json\/wp\/v2\/comments?post=38139"}],"version-history":[{"count":0,"href":"https:\/\/noticiasdestaque.com.br\/index.php\/wp-json\/wp\/v2\/posts\/38139\/revisions"}],"wp:featuredmedia":[{"embeddable":true,"href":"https:\/\/noticiasdestaque.com.br\/index.php\/wp-json\/wp\/v2\/media\/38140"}],"wp:attachment":[{"href":"https:\/\/noticiasdestaque.com.br\/index.php\/wp-json\/wp\/v2\/media?parent=38139"}],"wp:term":[{"taxonomy":"category","embeddable":true,"href":"https:\/\/noticiasdestaque.com.br\/index.php\/wp-json\/wp\/v2\/categories?post=38139"},{"taxonomy":"post_tag","embeddable":true,"href":"https:\/\/noticiasdestaque.com.br\/index.php\/wp-json\/wp\/v2\/tags?post=38139"}],"curies":[{"name":"wp","href":"https:\/\/api.w.org\/{rel}","templated":true}]}}