{"id":38131,"date":"2024-09-10T00:03:00","date_gmt":"2024-09-10T03:03:00","guid":{"rendered":"https:\/\/noticiasdestaque.com.br\/index.php\/2024\/09\/10\/limite-mei-votacao-da-ampliacao-do-teto-nao-e-de-interesse-do-governo-diz-relator-de-plp\/"},"modified":"2024-09-10T00:03:00","modified_gmt":"2024-09-10T03:03:00","slug":"limite-mei-votacao-da-ampliacao-do-teto-nao-e-de-interesse-do-governo-diz-relator-de-plp","status":"publish","type":"post","link":"https:\/\/noticiasdestaque.com.br\/index.php\/2024\/09\/10\/limite-mei-votacao-da-ampliacao-do-teto-nao-e-de-interesse-do-governo-diz-relator-de-plp\/","title":{"rendered":"Limite MEI: vota\u00e7\u00e3o da amplia\u00e7\u00e3o do teto n\u00e3o \u00e9 de interesse do governo, diz relator de PLP"},"content":{"rendered":"<p>\t\t\t\t\t\t\t\t\t\t<audio controls class=\"b61_audio_player\" data-noticia=\"76268\" src=\"https:\/\/brasil61.com\/rails\/active_storage\/blobs\/eyJfcmFpbHMiOnsibWVzc2FnZSI6IkJBaHBBMDcrQWc9PSIsImV4cCI6bnVsbCwicHVyIjoiYmxvYl9pZCJ9fQ==--c266bcc44a4efefd6e40494c56b18f911e7db359\/BRAS2412605A\"><\/audio><\/p>\n<p>N\u00fameros de 2022 do Instituto Brasileiro de Geografia e Estat\u00edstica (IBGE) mostram que, naquele ano, o Brasil tinha 14,6 milh\u00f5es de Microempreendedores Individuais (MEIs). Uma categoria que enquadra empreendedores que empregam, no m\u00e1ximo, um funcion\u00e1rio, e podem atingir uma renda anual de R$ 81 mil.\u00a0Regras que precisam ser mudadas, segundo o relator do <a href=\"https:\/\/www.camara.leg.br\/proposicoesWeb\/fichadetramitacao?idProposicao=2295251&amp;fichaAmigavel=nao\u00a0\">PLP 108\/21<\/a>,\u00a0deputado Darci de Matos (PSC-SC). O parlamentar diz que o projeto j\u00e1 est\u00e1 pronto para ser votado, mas encontra dificuldades para andar.\u00a0<\/p>\n<p>\u201cO governo atual tem restri\u00e7\u00e3o por que eles entendem \u2014 o que para mim \u00e9 um entendimento errado \u2014 que aumentar o teto do MEI e das microempresas\u00a0traria um impacto negativo no caixa do governo. Isso n\u00e3o \u00e9 verdade, pois quando voc\u00ea amplia a base, se voc\u00ea ampliar teto, milh\u00f5es de MEIs e microempresas v\u00e3o produzir mais, gerar mais empregos e arrecadar mais para o governo \u2014 \u00e9 o contr\u00e1rio do que eles pensam.\u201d argumenta o deputado.\u00a0<\/p>\n<h2>O que diz o PLP 108\/21<\/h2>\n<p>O PLP 108\/2021 teve origem no Senado e tratava apenas dos MEIs, mas segundo o relator, foi alterado na C\u00e2mara para beneficiar tamb\u00e9m as empresas de pequeno porte. O ponto central trazido no texto \u00e9 a amplia\u00e7\u00e3o do teto de remunera\u00e7\u00e3o. A proposta \u00e9 da seguinte altera\u00e7\u00e3o de arrecada\u00e7\u00e3o por ano:<\/p>\n<ul>\n<li><strong>MEI<\/strong> \u2013 de R$ 81.000 para R$ 144 mil<\/li>\n<li><strong>microempresa<\/strong> \u2013 de R$ 360 mil para R$ 869 mil;\u00a0<\/li>\n<li><strong>empresa de pequeno porte <\/strong>\u2013 de R$ 4,8 milh\u00f5es para R$ 8,7 milh\u00f5es<\/li>\n<\/ul>\n<p>Para o vice-presidente jur\u00eddico da <a href=\"https:\/\/cacb.org.br\/\">Confedera\u00e7\u00e3o das Associa\u00e7\u00f5es Comerciais e Empresariais do Brasil (CACB) <\/a>Anderson Trautman, \u00e9 uma luta antiga da categoria.<\/p>\n<p>\u201c\u00c9 um limite que j\u00e1 foi estabelecido h\u00e1 algum tempo, n\u00e3o \u00e9 corrigido h\u00e1 v\u00e1rios anos e com isso, com a infla\u00e7\u00e3o, ao longo do tempo vai reduzindo o contingente de empresas que podem aderir ao regime. Mesmo aquelas que j\u00e1 est\u00e3o no regime mas alcan\u00e7am o patamar do teto\u201d, defende o gestor. Ele ainda ressalta a import\u00e2ncia de se fortalecer o Simples, dada a complexidade do sistema tribut\u00e1rio brasileiro.\u00a0<\/p>\n<h2>Retomada p\u00f3s-elei\u00e7\u00f5es<\/h2>\n<p>Com as vota\u00e7\u00f5es no Congresso em ritmo lento em fun\u00e7\u00e3o das elei\u00e7\u00f5es municipais,\u00a0essa pauta deve ficar para novembro, acredita o deputado Darci de Matos.\u00a0<\/p>\n<p>\u201cPassando as elei\u00e7\u00f5es, n\u00f3s vamos retomar esse tema porque n\u00e3o h\u00e1 como falar de economia forte se voc\u00ea n\u00e3o falar em pequenos neg\u00f3cios. Ent\u00e3o, \u00e9 fundamental que a gente aprove esse projeto. N\u00e3o vamos abrir m\u00e3o disso\u201d, afirma o deputado.<\/p>\n<p>Os Pequenos e Microempreendedores Individuais (MEI) s\u00e3o respons\u00e1veis por 70% das vagas de emprego existentes no pa\u00eds \u2014 formais e informais. Al\u00e9m disso, 90% dos CNPJs brasileiros v\u00eam dos pequenos e s\u00e3o eles que geram 30% do nosso Produto Interno Bruto (PIB).<\/p>\n<p>S\u00f3 em 2023, as micro e pequenas empresas abriram mais de 1,1 milh\u00e3o de postos de trabalho no pa\u00eds, de acordo com o Sebrae. N\u00famero que representa 80% das vagas com carteira assinada que foram criadas ao longo do ano passado.<\/p>\n<p><a href=\"https:\/\/brasil61.com\/n\/simples-nacional-texto-da-reforma-tributaria-que-tramita-no-senado-pode-mudar-regras-e-reduzir-competitividade-dos-micro-e-pequenos-bras2412465\">Simples Nacional: texto da Reforma Tribut\u00e1ria que tramita no Senado pode mudar regras e reduzir competitividade dos micro e pequenos<\/a><\/p>\n<p><a href=\"https:\/\/brasil61.com\/n\/reforma-tributaria-representantes-dos-micro-e-pequenos-empreendedores-defendem-simples-nacional-bras2412449\">Reforma Tribut\u00e1ria: representantes dos micro e pequenos empreendedores defendem Simples Nacional<\/a><\/p>\n<p>\t\t\t\t\t\t\t\t\t<img loading=\"lazy\" decoding=\"async\" src=\"https:\/\/brasil61.com\/api\/v1\/serve_pixel\/17677\/76268\" alt=\"Pixel Brasil 61\" class=\"b61_pixel\" width=\"0\" height=\"0\"><\/p>\n<input type=\"hidden\" id=\"baseurl\" value=\"https:\/\/noticiasdestaque.com.br\"><input type=\"hidden\" id=\"audio_nonce\" value=\"6a24ca502e\">","protected":false},"excerpt":{"rendered":"<p>Sem data para ser votado na C\u00e2mara dos Deputados, o PLP 108\/21 amplia para MEIs o teto de remunera\u00e7\u00e3o de R$ 81 mil para R$ 144 mil.<\/p>\n","protected":false},"author":1,"featured_media":38132,"comment_status":"open","ping_status":"open","sticky":false,"template":"","format":"standard","meta":{"fifu_image_url":"","fifu_image_alt":"","footnotes":""},"categories":[59],"tags":[],"class_list":["post-38131","post","type-post","status-publish","format-standard","has-post-thumbnail","hentry","category-economia"],"distributor_meta":false,"distributor_terms":false,"distributor_media":false,"distributor_original_site_name":"Noticias em Destaque","distributor_original_site_url":"https:\/\/noticiasdestaque.com.br","push-errors":false,"_links":{"self":[{"href":"https:\/\/noticiasdestaque.com.br\/index.php\/wp-json\/wp\/v2\/posts\/38131","targetHints":{"allow":["GET"]}}],"collection":[{"href":"https:\/\/noticiasdestaque.com.br\/index.php\/wp-json\/wp\/v2\/posts"}],"about":[{"href":"https:\/\/noticiasdestaque.com.br\/index.php\/wp-json\/wp\/v2\/types\/post"}],"author":[{"embeddable":true,"href":"https:\/\/noticiasdestaque.com.br\/index.php\/wp-json\/wp\/v2\/users\/1"}],"replies":[{"embeddable":true,"href":"https:\/\/noticiasdestaque.com.br\/index.php\/wp-json\/wp\/v2\/comments?post=38131"}],"version-history":[{"count":0,"href":"https:\/\/noticiasdestaque.com.br\/index.php\/wp-json\/wp\/v2\/posts\/38131\/revisions"}],"wp:featuredmedia":[{"embeddable":true,"href":"https:\/\/noticiasdestaque.com.br\/index.php\/wp-json\/wp\/v2\/media\/38132"}],"wp:attachment":[{"href":"https:\/\/noticiasdestaque.com.br\/index.php\/wp-json\/wp\/v2\/media?parent=38131"}],"wp:term":[{"taxonomy":"category","embeddable":true,"href":"https:\/\/noticiasdestaque.com.br\/index.php\/wp-json\/wp\/v2\/categories?post=38131"},{"taxonomy":"post_tag","embeddable":true,"href":"https:\/\/noticiasdestaque.com.br\/index.php\/wp-json\/wp\/v2\/tags?post=38131"}],"curies":[{"name":"wp","href":"https:\/\/api.w.org\/{rel}","templated":true}]}}