{"id":38057,"date":"2024-09-08T00:03:00","date_gmt":"2024-09-08T03:03:00","guid":{"rendered":"https:\/\/noticiasdestaque.com.br\/index.php\/2024\/09\/08\/vsr-srag-covid-o-que-significam-as-siglas-ligadas-as-doencas-respiratorias\/"},"modified":"2024-09-08T00:03:00","modified_gmt":"2024-09-08T03:03:00","slug":"vsr-srag-covid-o-que-significam-as-siglas-ligadas-as-doencas-respiratorias","status":"publish","type":"post","link":"https:\/\/noticiasdestaque.com.br\/index.php\/2024\/09\/08\/vsr-srag-covid-o-que-significam-as-siglas-ligadas-as-doencas-respiratorias\/","title":{"rendered":"VSR,  SRAG, Covid: o que significam as siglas ligadas \u00e0s doen\u00e7as respirat\u00f3rias"},"content":{"rendered":"<p>\t\t\t\t\t\t\t\t\t\t<audio controls class=\"b61_audio_player\" data-noticia=\"75076\" src=\"https:\/\/brasil61.com\/rails\/active_storage\/blobs\/eyJfcmFpbHMiOnsibWVzc2FnZSI6IkJBaHBBNC8zQWc9PSIsImV4cCI6bnVsbCwicHVyIjoiYmxvYl9pZCJ9fQ==--2af099b7651a19d5f05cf63fb3255a05ad9f02dc\/BRAS2412556A\"><\/audio><\/p>\n<p>De tempos em tempos novas siglas surgem para dar nome \u00e0s doen\u00e7as relacionadas \u00e0 respira\u00e7\u00e3o. Cada uma delas diz respeito a um v\u00edrus \u2014 ou \u00e0 evolu\u00e7\u00e3o deles, como \u00e9 o caso da SRAG, a S\u00edndrome Respirat\u00f3ria Aguda grave.\u00a0<\/p>\n<p>O boletim Infogripe, produzido e divulgado toda semana pela Fiocruz, monitora os casos de SRAG em todo o pa\u00eds, avalia as tend\u00eancias temporais desses casos, subsidia os boletins semanais do Minist\u00e9rio da Sa\u00fade e serve de alerta para os estados e suas vigil\u00e2ncias sobre quais v\u00edrus circulam com mais frequ\u00eancia e sobre as medidas que precisam ser adotadas para combat\u00ea-los.\u00a0<\/p>\n<p>A pesquisadora do Programa de Computa\u00e7\u00e3o Cient\u00edfica (Procc\/Fiocruz) e do Boletim InfoGripe, Tatiana Portella, detalha.<\/p>\n<h2>SRAG: S\u00edndrome Respirat\u00f3ria Aguda Grave<\/h2>\n<p>SRAG s\u00e3o os casos mais graves dessas s\u00edndromes gripais que s\u00e3o causadas por v\u00edrus respirat\u00f3rios, como covid, influenza, v\u00edrus sincicial respirat\u00f3rio. \u00c0s vezes causam sintomas leves como coriza, tosse e febre. Mas eles podem evoluir, explica a pesquisadora.<\/p>\n<p>\u201cComo apresentar desconforto respirat\u00f3rio, dificuldade para respirar, uma press\u00e3o persistente no t\u00f3rax, uma satura\u00e7\u00e3o de oxig\u00eanio baixa \u2014 menor de 94% \u2014 ou uma colora\u00e7\u00e3o azulada nos l\u00e1bios ou rosto. Tudo isso s\u00e3o indicativos que essa doen\u00e7a vai evoluir de uma forma mais grave, que vai precisar de hospitaliza\u00e7\u00e3o.\u201d\u00a0<\/p>\n<p>Importante ressaltar que todos os v\u00edrus respirat\u00f3rios podem evoluir para uma SRAG. Idosos e crian\u00e7as pequenas, com doen\u00e7as cr\u00f4nicas ou com comorbidade est\u00e3o mais sujeitas a essa evolu\u00e7\u00e3o.\u00a0<\/p>\n<h2>VSR: V\u00edrus Sincicial Respirat\u00f3rio<\/h2>\n<p>Este v\u00edrus atinge, principalmente, crian\u00e7as pequenas \u2014 de at\u00e9 dois anos \u2014 ou idosos acima de 65 anos. Geralmente \u00e9 o respons\u00e1vel pelos casos de bronquiolite em crian\u00e7as pequenas. \u00a0<\/p>\n<p>\u201cOs sintomas s\u00e3o parecidos com os da gripe: dor de garganta, calafrios, coriza, tosse. Mas \u00e9 preciso prestar aten\u00e7\u00e3o nos sintomas das crian\u00e7as pequenas. Verificar se elas est\u00e3o com dificuldade de respirar, com os l\u00e1bios arroxeados \u2014 isso pode ser um indicativo que ela est\u00e1 evoluindo para uma forma mais grave da doen\u00e7a. Nesses casos, \u00e9 preciso procurar atendimento m\u00e9dico r\u00e1pido\u201d, explica Tatiana.<\/p>\n<h2>Influenza A ou H1N1<\/h2>\n<p>Trata-se do v\u00edrus da gripe. Com alta circula\u00e7\u00e3o pelo pa\u00eds, sobretudo este ano, a Influenza A tamb\u00e9m \u00e9 conhecida como H1N1 \u2014 anteriormente chamada de gripe su\u00edna.<\/p>\n<p>\u201cGeralmente ele pode dar uma febre mais repentina, mas tem os sintomas muito parecidos com outros v\u00edrus respirat\u00f3rios, como tosse coriza, calafrios. Ele atinge todas as faixas et\u00e1rias, mas assim como os outros v\u00edrus, evolui de forma mais grave nos idosos, crian\u00e7as pequenas e pessoas com comorbidades.\u201d<\/p>\n<h2>Rinov\u00edrus\u00a0<\/h2>\n<p>O rinov\u00edrus come\u00e7ou a ser monitorado h\u00e1 poucos anos pela Fiocruz, explica a pesquisadora Tatiana Portella. Assim como o VSR, atinge crian\u00e7as pequenas e pode evoluir para casos de bronquite. Mas \u00e9 uma doen\u00e7a autolimitada \u201cque vai se curar sozinha entre 7 e 14 dias\u201d, explica a pesquisadora.\u00a0<\/p>\n<p>\u201cMas ele pode evoluir para as formas mais graves em crian\u00e7as pequenas que tenham hist\u00f3rico de asma, doen\u00e7a cr\u00f4nica no pulm\u00e3o, imunossuprimidos.\u201d Tatiana ainda explica que o rinov\u00edrus pode ter uma comportamento sazonal \u2014 como Influenza e VSR \u2014 e neste momento a Fiocruz observa uma incid\u00eancia alta desse v\u00edrus em crian\u00e7as pequenas e adolescentes.\u00a0<\/p>\n<h2>Covid-19<\/h2>\n<p>O velho conhecido \u2014 respons\u00e1vel pela pandemia entre 2020 e 2021 \u2014 ainda causa muitos casos de SRAGs. Isso porque ao longo do tempo ele vem sofrendo muta\u00e7\u00f5es e evoluiu rapidamente. As novas variantes mostram que ainda trata-se do v\u00edrus da covid, mas com um poder de infec\u00e7\u00e3o maior.<\/p>\n<p>Por isso a vacina\u00e7\u00e3o anual \u00e9 importante para prevenir os casos mais graves da doen\u00e7a, alerta Tatiana Portella.<\/p>\n<p>\u201cA vacina da covid-19 \u00e9 atualizada para as novas variantes e apesar de termos esse v\u00edrus circulando h\u00e1 alguns anos, \u00e9 importante que as pessoas atualizem a vacina. Porque a vacina que as pessoas tomaram no ano passado n\u00e3o confere a mesma prote\u00e7\u00e3o do que a vacina que est\u00e1 dispon\u00edvel este ano.\u201d<\/p>\n<p>\t\t\t\t\t\t\t\t\t<img loading=\"lazy\" decoding=\"async\" src=\"https:\/\/brasil61.com\/api\/v1\/serve_pixel\/17677\/75076\" alt=\"Pixel Brasil 61\" class=\"b61_pixel\" width=\"0\" height=\"0\"><\/p>\n<input type=\"hidden\" id=\"baseurl\" value=\"https:\/\/noticiasdestaque.com.br\"><input type=\"hidden\" id=\"audio_nonce\" value=\"6a24ca502e\">","protected":false},"excerpt":{"rendered":"<p>Boletins semanais do Minist\u00e9rio da Sa\u00fade e a FioCruz trazem siglas que remetem \u00e0s doen\u00e7as mais comuns em circula\u00e7\u00e3o no pa\u00eds, entenda o que cada uma delas representa<\/p>\n","protected":false},"author":1,"featured_media":38058,"comment_status":"open","ping_status":"open","sticky":false,"template":"","format":"standard","meta":{"fifu_image_url":"","fifu_image_alt":"","footnotes":""},"categories":[51],"tags":[],"class_list":["post-38057","post","type-post","status-publish","format-standard","has-post-thumbnail","hentry","category-saude"],"distributor_meta":false,"distributor_terms":false,"distributor_media":false,"distributor_original_site_name":"Noticias em Destaque","distributor_original_site_url":"https:\/\/noticiasdestaque.com.br","push-errors":false,"_links":{"self":[{"href":"https:\/\/noticiasdestaque.com.br\/index.php\/wp-json\/wp\/v2\/posts\/38057","targetHints":{"allow":["GET"]}}],"collection":[{"href":"https:\/\/noticiasdestaque.com.br\/index.php\/wp-json\/wp\/v2\/posts"}],"about":[{"href":"https:\/\/noticiasdestaque.com.br\/index.php\/wp-json\/wp\/v2\/types\/post"}],"author":[{"embeddable":true,"href":"https:\/\/noticiasdestaque.com.br\/index.php\/wp-json\/wp\/v2\/users\/1"}],"replies":[{"embeddable":true,"href":"https:\/\/noticiasdestaque.com.br\/index.php\/wp-json\/wp\/v2\/comments?post=38057"}],"version-history":[{"count":0,"href":"https:\/\/noticiasdestaque.com.br\/index.php\/wp-json\/wp\/v2\/posts\/38057\/revisions"}],"wp:featuredmedia":[{"embeddable":true,"href":"https:\/\/noticiasdestaque.com.br\/index.php\/wp-json\/wp\/v2\/media\/38058"}],"wp:attachment":[{"href":"https:\/\/noticiasdestaque.com.br\/index.php\/wp-json\/wp\/v2\/media?parent=38057"}],"wp:term":[{"taxonomy":"category","embeddable":true,"href":"https:\/\/noticiasdestaque.com.br\/index.php\/wp-json\/wp\/v2\/categories?post=38057"},{"taxonomy":"post_tag","embeddable":true,"href":"https:\/\/noticiasdestaque.com.br\/index.php\/wp-json\/wp\/v2\/tags?post=38057"}],"curies":[{"name":"wp","href":"https:\/\/api.w.org\/{rel}","templated":true}]}}