{"id":38055,"date":"2024-09-07T21:43:41","date_gmt":"2024-09-08T00:43:41","guid":{"rendered":"https:\/\/noticiasdestaque.com.br\/index.php\/2024\/09\/07\/arthur-pains-comemora-feedback-positivo-do-album-selvagem\/"},"modified":"2024-09-07T21:43:41","modified_gmt":"2024-09-08T00:43:41","slug":"arthur-pains-comemora-feedback-positivo-do-album-selvagem","status":"publish","type":"post","link":"https:\/\/noticiasdestaque.com.br\/index.php\/2024\/09\/07\/arthur-pains-comemora-feedback-positivo-do-album-selvagem\/","title":{"rendered":"Arthur Pains comemora feedback positivo do \u00e1lbum \u201cSelvagem\u201d"},"content":{"rendered":"\n<p>O cantor e compositor&nbsp;<strong>Arthur Pains<\/strong>&nbsp;estreou recentemente seu novo \u00e1lbum de est\u00fadio &#8220;<a href=\"https:\/\/sndo.ffm.to\/d6qbrq4\" target=\"_blank\" rel=\"noreferrer noopener\"><strong><em>Selvagem<\/em><\/strong><\/a><em>\u201d,&nbsp;<\/em>j\u00e1 dispon\u00edvel em todas as plataformas digitais. Com uma narrativa inspirada em viv\u00eancias pessoais e que aborda sobre pertencimento e autoconhecimento, o artista comemora o feedback positivo do p\u00fablico ap\u00f3s o lan\u00e7amento do projeto.<\/p>\n\n\n\n<p><a href=\"https:\/\/sndo.ffm.to\/d6qbrq4\" target=\"_blank\" rel=\"noreferrer noopener\"><strong>Ou\u00e7a agora o \u00e1lbum em todas as plataformas digitais<\/strong><\/a><\/p>\n\n\n\n<p>O \u00e1lbum explora a busca incessante por identidade e pertencimento de um menino do interior que se v\u00ea imerso \u00e0 agita\u00e7\u00e3o da vida urbana. O \u00e1lbum percorre por temas de amor, amizade, e a complexidade de se perder e se reencontrar em busca de si mesmo.&nbsp;<\/p>\n\n\n\n<p>&#8220;<em><strong>Uma busca por mim mesmo, amizades e amor, meu lugar no mundo. \u00c9 tamb\u00e9m sobre me perder um pouco nesse processo, mas me reencontrar no final, acho que est\u00e1 tudo bem se sentir perdido aos 27 anos (risos)<\/strong><\/em>&#8220;, declara o artista sobre o trabalho.<\/p>\n\n\n\n<p class=\"has-text-align-center\"><a href=\"https:\/\/www.youtube.com\/@ArthurPainsOficial\" target=\"_blank\" rel=\"noreferrer noopener\"><strong>Assista agora aos videoclipes do novo trabalho<\/strong><\/a><\/p>\n\n\n\n<p>Mesmo tendo constru\u00eddo um \u00e1lbum totalmente baseado em suas viv\u00eancias, hoje ele percebe que muito mais pessoas do que ele imaginou tamb\u00e9m se identificaram com os processos que o \u00e1lbum narra. &#8220;<em><strong>Est\u00e1 sendo muito legal ver as pessoas se identificando com as m\u00fasicas! Quando escrevi o \u00e1lbum, elas eram sobre mim, mas agora elas fazem parte das vidas das pessoas tamb\u00e9m<\/strong><\/em>&#8220;, conta Arthur.&nbsp;<\/p>\n\n\n\n<p>As 11 faixas autorais que integram o projeto tamb\u00e9m abordam a raiva e trazem cr\u00edticas \u00e0 sociedade e \u00e0 modernidade l\u00edquida e cada m\u00fasica \u00e9 um cap\u00edtulo dessa hist\u00f3ria que completa a narrativa do disco. O processo de composi\u00e7\u00e3o come\u00e7ou em 2019, com algumas m\u00fasicas previamente lan\u00e7adas em seu EP<em>&nbsp;&#8220;Savanna&#8221;, que agora somam-se ao &#8220;Selvagem&#8221;, resultando na hist\u00f3ria completa no novo \u00e1lbum.&nbsp;<\/em><\/p>\n\n\n\n<p>Quanto ao retorno, ele conta que duas m\u00fasicas tem chamado muito a aten\u00e7\u00e3o do p\u00fablico. &#8220;Monarquia, acredito que pela produ\u00e7\u00e3o e pela pegada pop-rock, acho que as pessoas n\u00e3o esperavam por isso. E Rei, a \u00faltima m\u00fasica do \u00e1lbum, acredito que pela letra que tem uma mensagem bem forte&#8221;.&nbsp;<\/p>\n\n\n\n<p>Para ele, tem sido muito especial e gratificante acompanhar o feedback deste trabalho. &#8220;Tenho recebido diversas mensagens de novos seguidores, sobre as m\u00fasicas e os visuais. \u00c9 muito legal ver algo que trabalhei por tanto tempo agora \u00e9 do p\u00fablico e tamb\u00e9m faz sentido para eles&#8221;, declara.&nbsp;<\/p>\n\n\n\n<p>Ainda falando sobre o \u00e1lbum, mas adiantando para voc\u00eas os pr\u00f3ximos passos, ele conta que est\u00e1 trabalhando em um mini-document\u00e1rio que mostra os bastidores da cria\u00e7\u00e3o deste projeto e que espera poder mostrar ao p\u00fablico muito em breve. &#8220;Acho que esse tipo de conte\u00fado aproxima o p\u00fablico e vai ser bem legal&#8221;, pondera o artista. Ele tamb\u00e9m completa sobre novas possibilidades: &#8220;Com o feedback que tenho recebido tamb\u00e9m estamos avaliando novos clipes e uma vers\u00e3o deluxe do \u00e1lbum com algumas faixas in\u00e9ditas&#8221;, finaliza.<\/p>\n\n\n\n<p class=\"has-text-align-center\"><strong>Acompanhe o artista nas redes sociais<\/strong><strong><br><\/strong><a href=\"https:\/\/www.instagram.com\/arthurpains\/\" target=\"_blank\" rel=\"noreferrer noopener\"><strong>Instagram<\/strong><strong><br><\/strong><\/a><a href=\"https:\/\/open.spotify.com\/intl-pt\/artist\/1doefjItQ4npt6EtSXX08J?si=B7ACwAbCRFuBGZoiuC1YKQ\" target=\"_blank\" rel=\"noreferrer noopener\"><strong>Spotify<\/strong><strong><br><\/strong><\/a><a href=\"https:\/\/www.youtube.com\/@ArthurPainsOficial\" target=\"_blank\" rel=\"noreferrer noopener\"><strong>YouTube<\/strong>&nbsp;<\/a><\/p>\n\n\n\n<p><\/p>\n\n\n\n<figure class=\"wp-block-gallery has-nested-images columns-1 is-cropped wp-block-gallery-1 is-layout-flex wp-block-gallery-is-layout-flex\">\n<figure class=\"wp-block-image size-large\"><img decoding=\"async\" data-id=\"56751\" src=\"https:\/\/celebs.com.br\/wp-content\/uploads\/2024\/09\/SELVAGEM-PHOTOSHOOT-BY-RP-1.jpg\" alt=\"\" class=\"wp-image-56751\"\/><\/figure>\n\n\n\n<figure class=\"wp-block-image size-large\"><img decoding=\"async\" data-id=\"56752\" src=\"https:\/\/celebs.com.br\/wp-content\/uploads\/2024\/09\/SELVAGEM-PHOTOSHOOT-BY-RP-2.jpg\" alt=\"\" class=\"wp-image-56752\"\/><\/figure>\n\n\n\n<figure class=\"wp-block-image size-large\"><img decoding=\"async\" data-id=\"56753\" src=\"https:\/\/celebs.com.br\/wp-content\/uploads\/2024\/09\/SELVAGEM-PHOTOSHOOT-BY-RP-3.jpg\" alt=\"\" class=\"wp-image-56753\"\/><\/figure>\n\n\n\n<figure class=\"wp-block-image size-large\"><img decoding=\"async\" data-id=\"56754\" src=\"https:\/\/celebs.com.br\/wp-content\/uploads\/2024\/09\/SELVAGEM-PHOTOSHOOT-BY-RP-10.jpg\" alt=\"\" class=\"wp-image-56754\"\/><\/figure>\n\n\n\n<figure class=\"wp-block-image size-large\"><img decoding=\"async\" data-id=\"56755\" src=\"https:\/\/celebs.com.br\/wp-content\/uploads\/2024\/09\/SELVAGEM-PHOTOSHOOT-BY-RP-12.jpg\" alt=\"\" class=\"wp-image-56755\"\/><\/figure>\n\n\n\n<figure class=\"wp-block-image size-large\"><img decoding=\"async\" data-id=\"56756\" src=\"https:\/\/celebs.com.br\/wp-content\/uploads\/2024\/09\/SELVAGEM-PHOTOSHOOT-BY-RP-16.jpg\" alt=\"\" class=\"wp-image-56756\"\/><\/figure>\n<\/figure>\n\n\n\n<p><\/p>\n<input type=\"hidden\" id=\"baseurl\" value=\"https:\/\/noticiasdestaque.com.br\"><input type=\"hidden\" id=\"audio_nonce\" value=\"6a24ca502e\">","protected":false},"excerpt":{"rendered":"<p>O cantor e compositor&nbsp;Arthur Pains&nbsp;estreou recentemente seu novo \u00e1lbum de est\u00fadio &#8220;Selvagem\u201d,&nbsp;j\u00e1 dispon\u00edvel em todas as plataformas digitais. Com uma narrativa inspirada em viv\u00eancias pessoais e que aborda sobre pertencimento e autoconhecimento, o artista comemora o feedback positivo do p\u00fablico ap\u00f3s o lan\u00e7amento do projeto. Ou\u00e7a agora o \u00e1lbum em todas as plataformas digitais O [&hellip;]<\/p>\n","protected":false},"author":1,"featured_media":38056,"comment_status":"open","ping_status":"open","sticky":false,"template":"","format":"standard","meta":{"fifu_image_url":"","fifu_image_alt":"","footnotes":""},"categories":[52],"tags":[],"class_list":["post-38055","post","type-post","status-publish","format-standard","has-post-thumbnail","hentry","category-entretenimento"],"distributor_meta":false,"distributor_terms":false,"distributor_media":false,"distributor_original_site_name":"Portal de Recupera\u00e7\u00e3o","distributor_original_site_url":"https:\/\/portalderecuperacao.com","push-errors":false,"_links":{"self":[{"href":"https:\/\/noticiasdestaque.com.br\/index.php\/wp-json\/wp\/v2\/posts\/38055","targetHints":{"allow":["GET"]}}],"collection":[{"href":"https:\/\/noticiasdestaque.com.br\/index.php\/wp-json\/wp\/v2\/posts"}],"about":[{"href":"https:\/\/noticiasdestaque.com.br\/index.php\/wp-json\/wp\/v2\/types\/post"}],"author":[{"embeddable":true,"href":"https:\/\/noticiasdestaque.com.br\/index.php\/wp-json\/wp\/v2\/users\/1"}],"replies":[{"embeddable":true,"href":"https:\/\/noticiasdestaque.com.br\/index.php\/wp-json\/wp\/v2\/comments?post=38055"}],"version-history":[{"count":0,"href":"https:\/\/noticiasdestaque.com.br\/index.php\/wp-json\/wp\/v2\/posts\/38055\/revisions"}],"wp:featuredmedia":[{"embeddable":true,"href":"https:\/\/noticiasdestaque.com.br\/index.php\/wp-json\/wp\/v2\/media\/38056"}],"wp:attachment":[{"href":"https:\/\/noticiasdestaque.com.br\/index.php\/wp-json\/wp\/v2\/media?parent=38055"}],"wp:term":[{"taxonomy":"category","embeddable":true,"href":"https:\/\/noticiasdestaque.com.br\/index.php\/wp-json\/wp\/v2\/categories?post=38055"},{"taxonomy":"post_tag","embeddable":true,"href":"https:\/\/noticiasdestaque.com.br\/index.php\/wp-json\/wp\/v2\/tags?post=38055"}],"curies":[{"name":"wp","href":"https:\/\/api.w.org\/{rel}","templated":true}]}}