{"id":38019,"date":"2024-09-06T00:03:00","date_gmt":"2024-09-06T03:03:00","guid":{"rendered":"https:\/\/noticiasdestaque.com.br\/index.php\/2024\/09\/06\/reforma-tributaria-cnc-defende-mudancas-para-reduzir-impactos-nos-setores-de-comercio-e-servicos\/"},"modified":"2024-09-06T00:03:00","modified_gmt":"2024-09-06T03:03:00","slug":"reforma-tributaria-cnc-defende-mudancas-para-reduzir-impactos-nos-setores-de-comercio-e-servicos","status":"publish","type":"post","link":"https:\/\/noticiasdestaque.com.br\/index.php\/2024\/09\/06\/reforma-tributaria-cnc-defende-mudancas-para-reduzir-impactos-nos-setores-de-comercio-e-servicos\/","title":{"rendered":"Reforma tribut\u00e1ria: CNC defende mudan\u00e7as para reduzir impactos nos setores de Com\u00e9rcio e Servi\u00e7os"},"content":{"rendered":"<p>\t\t\t\t\t\t\t\t\t\t<audio controls class=\"b61_audio_player\" data-noticia=\"75682\" src=\"https:\/\/brasil61.com\/rails\/active_storage\/blobs\/eyJfcmFpbHMiOnsibWVzc2FnZSI6IkJBaHBBOEQ3QWc9PSIsImV4cCI6bnVsbCwicHVyIjoiYmxvYl9pZCJ9fQ==--ee8493f20581114bb6d1173a8643b625aef6d83e\/BRAS2412586A\"><\/audio><\/p>\n<p>Apesar de terem conseguido avan\u00e7ar em termos relacionados \u00e0 simplifica\u00e7\u00e3o de cobran\u00e7a de impostos, as propostas de reforma tribut\u00e1ria que tramitam no Congresso Nacional deixam a desejar quanto \u00e0 alta carga tribut\u00e1ria e promessa de redu\u00e7\u00e3o de judicializa\u00e7\u00e3o de casos. \u00c9 o que considera o economista-chefe da Confedera\u00e7\u00e3o Nacional do Com\u00e9rcio de Bens, Servi\u00e7os e Turismo (CNC), Felipe Tavares.\u00a0<\/p>\n<p>Durante audi\u00eancia p\u00fablica realizada na \u00faltima ter\u00e7a-feira (3), na Comiss\u00e3o de Assuntos Econ\u00f4micos (CAE) do Senado, Tavares destacou que o Brasil deve alcan\u00e7ar uma posi\u00e7\u00e3o ruim entre os pa\u00edses que adotam o sistema de Imposto e Valor Agregado (IVA), o que prejudica setores como o de Com\u00e9rcio de Servi\u00e7os.\u00a0<\/p>\n<p>\u201cCom a proposta da reforma e esse aumento do IVA, a gente calcula que o setor de consumo &#8211; o varejo brasileiro &#8211; vai ter um aumento de tributa\u00e7\u00e3o na casa de 18%, e o setor de Servi\u00e7os, que \u00e9 um leque muito grande, vai variar entre um aumento de 80% a at\u00e9 230%, nos piores casos &#8211; o aumento de tributa\u00e7\u00e3o. Isso n\u00e3o quer dizer que \u00e9 s\u00f3 dif\u00edcil para esse empres\u00e1rio fazer neg\u00f3cio; isso quer dizer que toda a cadeia que depende do varejo ou que depende do setor de servi\u00e7os ser\u00e1 impactada via sua estrutura de custos ou perda de dinamicidade nas suas vendas\u201d, destaca.<\/p>\n<p>O \u00faltimo <a href=\"https:\/\/portaldocomercio.org.br\/economia\/reforma-tributaria-apuracao-da-cnc-mostra-aumento-de-ate-188-da-carga-de-impostos-sobre-servicos\/\" target=\"_blank\" rel=\"noopener\">levantamento da CNC<\/a> sobre os impactos da reforma tribut\u00e1ria no setor de Servi\u00e7os mostra que, entre os segmentos mais afetados est\u00e1 o de servi\u00e7os para edif\u00edcios e atividades paisag\u00edsticas, respons\u00e1vel, entre outros pontos, pela terceiriza\u00e7\u00e3o de trabalhadores de limpeza: seria um aumento de 172,8% para a atividade.<\/p>\n<h2>Outros servi\u00e7os<\/h2>\n<p>Al\u00e9m disso, o aumento da carga sobre o segmento de servi\u00e7os de escrit\u00f3rio e apoio administrativo pode sofrer um aumento de 143,2%. Em rela\u00e7\u00e3o \u00e0 intermedia\u00e7\u00e3o na compra, venda e aluguel de im\u00f3veis, a eleva\u00e7\u00e3o seria de 142,4%. J\u00e1 para os servi\u00e7os t\u00e9cnico-profissionais, a onera\u00e7\u00e3o poderia chegar a 135,2%.<\/p>\n<p><a href=\"https:\/\/brasil61.com\/n\/internet-pode-ficar-ate-r-20-mais-cara-com-regulamentacao-da-reforma-tributaria-bras2412563\" target=\"_blank\" rel=\"noopener\">Internet pode ficar at\u00e9 R$ 20 mais cara com regulamenta\u00e7\u00e3o da Reforma Tribut\u00e1ria<\/a><\/p>\n<p><a href=\"https:\/\/brasil61.com\/n\/reforma-tributaria-domina-pauta-no-congresso-com-expectativa-de-novas-aprovacoes-bras2412525?email=hermesdeluna@gmail.com&amp;utm_source=newsletter&amp;utm_medium=newsletter&amp;utm_campaign=newsletter\" target=\"_blank\" rel=\"noopener\">Reforma tribut\u00e1ria domina pauta no Congresso com expectativa de novas aprova\u00e7\u00f5es<\/a><\/p>\n<p>Diante desse quadro, Tavares defendeu uma altera\u00e7\u00e3o na proposta, com o objetivo de reduzir impactos no setor imobili\u00e1rio. \u201cOutro ponto nas opera\u00e7\u00f5es de mercados imobili\u00e1rios \u00e9 a redu\u00e7\u00e3o de al\u00edquota em 60% nas opera\u00e7\u00f5es com pessoas jur\u00eddicas; e, nas opera\u00e7\u00f5es de loca\u00e7\u00e3o, arrendamento e afins, uma redu\u00e7\u00e3o de 80% da al\u00edquota. Por que isso? A gente n\u00e3o est\u00e1 focando s\u00f3 no setor que vai operar\u00a0transa\u00e7\u00e3o imobili\u00e1ria, mas a gente est\u00e1 olhando para todos. Todo mundo precisa alocar ou arrendar uma terra para plantar, precisa alocar um galp\u00e3o log\u00edstico, um pr\u00e9dio, uma sala comercial\u201d, pontua.<\/p>\n<p>Entre as propostas que tratam de reforma tribut\u00e1ria est\u00e1 o projeto de lei complementar <a href=\"https:\/\/legis.senado.leg.br\/sdleg-getter\/documento?dm=9759614&amp;ts=1725550729327&amp;disposition=inline\" target=\"_blank\" rel=\"noopener\">(PLP) 68, de 2024<\/a>. Entre outros pontos, a medida institui o Imposto sobre Bens e Servi\u00e7os (IBS), de compet\u00eancia compartilhada entre estados, munic\u00edpios e Distrito Federal; assim como a Contribui\u00e7\u00e3o Social sobre Bens e Servi\u00e7os (CBS), de compet\u00eancia da Uni\u00e3o.<\/p>\n<p>\t\t\t\t\t\t\t\t\t<img loading=\"lazy\" decoding=\"async\" src=\"https:\/\/brasil61.com\/api\/v1\/serve_pixel\/17677\/75682\" alt=\"Pixel Brasil 61\" class=\"b61_pixel\" width=\"0\" height=\"0\"><\/p>\n<input type=\"hidden\" id=\"baseurl\" value=\"https:\/\/noticiasdestaque.com.br\"><input type=\"hidden\" id=\"audio_nonce\" value=\"6a24ca502e\">","protected":false},"excerpt":{"rendered":"<p>Segundo economista-chefe da CNC, o varejo ter\u00e1 um aumento de 18% na tributa\u00e7\u00e3o, enquanto no setor de Servi\u00e7os deve variar entre 80% e 230%<\/p>\n","protected":false},"author":1,"featured_media":38020,"comment_status":"open","ping_status":"open","sticky":false,"template":"","format":"standard","meta":{"fifu_image_url":"","fifu_image_alt":"","footnotes":""},"categories":[59],"tags":[],"class_list":["post-38019","post","type-post","status-publish","format-standard","has-post-thumbnail","hentry","category-economia"],"distributor_meta":false,"distributor_terms":false,"distributor_media":false,"distributor_original_site_name":"Noticias em Destaque","distributor_original_site_url":"https:\/\/noticiasdestaque.com.br","push-errors":false,"_links":{"self":[{"href":"https:\/\/noticiasdestaque.com.br\/index.php\/wp-json\/wp\/v2\/posts\/38019","targetHints":{"allow":["GET"]}}],"collection":[{"href":"https:\/\/noticiasdestaque.com.br\/index.php\/wp-json\/wp\/v2\/posts"}],"about":[{"href":"https:\/\/noticiasdestaque.com.br\/index.php\/wp-json\/wp\/v2\/types\/post"}],"author":[{"embeddable":true,"href":"https:\/\/noticiasdestaque.com.br\/index.php\/wp-json\/wp\/v2\/users\/1"}],"replies":[{"embeddable":true,"href":"https:\/\/noticiasdestaque.com.br\/index.php\/wp-json\/wp\/v2\/comments?post=38019"}],"version-history":[{"count":0,"href":"https:\/\/noticiasdestaque.com.br\/index.php\/wp-json\/wp\/v2\/posts\/38019\/revisions"}],"wp:featuredmedia":[{"embeddable":true,"href":"https:\/\/noticiasdestaque.com.br\/index.php\/wp-json\/wp\/v2\/media\/38020"}],"wp:attachment":[{"href":"https:\/\/noticiasdestaque.com.br\/index.php\/wp-json\/wp\/v2\/media?parent=38019"}],"wp:term":[{"taxonomy":"category","embeddable":true,"href":"https:\/\/noticiasdestaque.com.br\/index.php\/wp-json\/wp\/v2\/categories?post=38019"},{"taxonomy":"post_tag","embeddable":true,"href":"https:\/\/noticiasdestaque.com.br\/index.php\/wp-json\/wp\/v2\/tags?post=38019"}],"curies":[{"name":"wp","href":"https:\/\/api.w.org\/{rel}","templated":true}]}}