{"id":38017,"date":"2024-09-07T00:06:00","date_gmt":"2024-09-07T03:06:00","guid":{"rendered":"https:\/\/noticiasdestaque.com.br\/index.php\/2024\/09\/07\/feriadoes-2o-semestre-de-2024-tera-poucos-feriados-prolongados\/"},"modified":"2024-09-07T00:06:00","modified_gmt":"2024-09-07T03:06:00","slug":"feriadoes-2o-semestre-de-2024-tera-poucos-feriados-prolongados","status":"publish","type":"post","link":"https:\/\/noticiasdestaque.com.br\/index.php\/2024\/09\/07\/feriadoes-2o-semestre-de-2024-tera-poucos-feriados-prolongados\/","title":{"rendered":"Feriad\u00f5es: 2\u00ba semestre de 2024 ter\u00e1 poucos feriados prolongados"},"content":{"rendered":"<p>\t\t\t\t\t\t\t\t\t\t<audio controls class=\"b61_audio_player\" data-noticia=\"75587\" src=\"https:\/\/brasil61.com\/rails\/active_storage\/blobs\/eyJfcmFpbHMiOnsibWVzc2FnZSI6IkJBaHBBOEw3QWc9PSIsImV4cCI6bnVsbCwicHVyIjoiYmxvYl9pZCJ9fQ==--2446537bf415b4691670feaf43e28d5f67d18e0c\/BRAS2412580A\"><\/audio><\/p>\n<p>\nQuem espera ansiosamente por um feriado prolongado para emendar os dias de folga com o fim de semana ter\u00e1 uma tremenda frustra\u00e7\u00e3o este ano. \u00c9 que os tr\u00eas primeiros feriados do segundo semestre \u2014 7 de setembro, 12 de outubro e 2 de novembro \u2014 caem no fim de semana, no s\u00e1bado.\u00a0<\/p>\n<p>O pr\u00f3ximo feriado, 15 de novembro, ser\u00e1 numa sexta e o seguinte, 20 de novembro \u2013 que se tornou feriado nacional este ano e comemora o dia da Consci\u00eancia Negra \u2014 ser\u00e1 numa quarta-feira. Ou seja, nada de feriados de mais de tr\u00eas dias emendados.<\/p>\n<p>Para o presidente da Federa\u00e7\u00e3o do Com\u00e9rcio de Bens, Servi\u00e7os e Turismo do Distrito Federal, Jos\u00e9 Aparecido da Costa Freire, um feriado em dia \u00fatil \u201cquebra a semana\u201d e costuma ser prejudicial para o com\u00e9rcio.\u00a0<\/p>\n<p>\u201cCom o feriado no s\u00e1bado o com\u00e9rcio funciona quase que normalmente, s\u00e3o poucas as atividades que n\u00e3o funcionam. Ent\u00e3o as pessoas ficam livres para ir ao pontos tur\u00edsticos, fazer passeios com a fam\u00edlia, o que eu entendo que seja benef\u00edcio. \u00c9 muito melhor um feriado no s\u00e1bado do que no meio de semana\u201d, entende o presidente da Fecom\u00e9rcio-DF.\u00a0<\/p>\n<h2>Estradas e aeroportos<\/h2>\n<p>Em feriados que caem nos finais de semana, n\u00e3o h\u00e1 mudan\u00e7a no fluxo dos aeroportos e o n\u00famero de voos se mant\u00e9m o mesmo dos per\u00edodos normais. Segundo a Inframerica, que administra o aeroporto de Bras\u00edlia-DF, nos tr\u00eas pr\u00f3ximos feriados que caem no s\u00e1bado, n\u00e3o vai haver efetivo extra de pessoal no terminal nem h\u00e1 previs\u00e3o de mais voos na escala.\u00a0<\/p>\n<p>O mesmo vale para as estradas nacionais, em feriados prolongados \u2014 sejam de tr\u00eas ou quatro dias \u2014 a Pol\u00edcia Rodovi\u00e1ria Federal costuma fazer opera\u00e7\u00f5es especiais nas estradas, o que n\u00e3o acontece quando h\u00e1 feriados que caem aos s\u00e1bados ou domingos.\u00a0<\/p>\n<p>O chefe da Coordena\u00e7\u00e3o de Preven\u00e7\u00e3o e Atendimento de Sinistros da Pol\u00edcia Rodovi\u00e1ria Federal, Paulo Guedes, explica que feriados a partir de tr\u00eas dias, quando as pessoas \u201cemendam\u201d, \u00e9 maior o n\u00famero de acidentes, por diversos motivos. O\u00a0principal deles a falta de aten\u00e7\u00e3o.<\/p>\n<p>\u201cA maioria dos sinistros de tr\u00e2nsito ocorrem com o condutor desatento por algum motivo. N\u00f3s temos muitos sinistros graves causados por ve\u00edculos que adentram a via sem observar a presen\u00e7a de outros ve\u00edculos, ou seja, \u00e9 pura falta de aten\u00e7\u00e3o.\u201d\u00a0<\/p>\n<p>Para o coordenador da PRF, s\u00e3o acidentes causados sem que o condutor queira infringir as regras. \u201cEle n\u00e3o bebeu, ele se preocupou com seu carro, mas n\u00e3o estava atento\u201d, alerta Guedes.\u00a0<\/p>\n<p>Desaten\u00e7\u00e3o que pode ser causada por diversos motivos, mas um deles se destaca: o celular.\u00a0<\/p>\n<h2>Setor de servi\u00e7os<\/h2>\n<p>Segundo a Associa\u00e7\u00e3o Brasileira de Bares e Restaurantes, Abrasel, o impacto maior dos feriados no s\u00e1bado recai, principalmente, sobre as cidades litor\u00e2neas, explica o l\u00edder de conte\u00fado da Abrasel, Jos\u00e9 Eduardo Camargo.<\/p>\n<p>\u201cPor que muitas pessoas que iriam trabalhar no fim de semana\u00a0n\u00e3o v\u00e3o trabalhar e podem, por exemplo, ir para cidades mais pr\u00f3ximas, no litoral. \u00c9 o caso de S\u00e3o Paulo, por exemplo, que acaba tendo um impacto positivo na baixada santista e nas outras cidades litor\u00e2neas.\u201d\u00a0<\/p>\n<p>Se por um lado as viagens podem ser impactadas com o menor n\u00famero de feriados emendados, por outro, o setor de servi\u00e7os n\u00e3o sente muito, avalia o economista Andr\u00e9 Galhardo, da An\u00e1lise Econ\u00f4mica de S\u00e3o Paulo. Ele lembra que cerca de 70% do PIB brasileiro vem do setor de servi\u00e7os.\u00a0<\/p>\n<p>\u201cQuando voc\u00ea tem um mercado de trabalho aquecido \u2014 como o brasileiro se encontra neste momento \u2014 com a menor taxa de desocupa\u00e7\u00e3o em toda a s\u00e9rie hist\u00f3rica e com uma massa salarial aumentando de forma s\u00f3lida e significativa, quando a voc\u00ea faz uma pausa, voc\u00ea n\u00e3o produz, mas acaba impactando outros setores. Uma coisa pode equilibrar, ajustar e diminuir o impacto da outra\u201d, avalia.<br \/>\n\u00a0<\/p>\n<p>\t\t\t\t\t\t\t\t\t<img loading=\"lazy\" decoding=\"async\" src=\"https:\/\/brasil61.com\/api\/v1\/serve_pixel\/17677\/75587\" alt=\"Pixel Brasil 61\" class=\"b61_pixel\" width=\"0\" height=\"0\"><\/p>\n<input type=\"hidden\" id=\"baseurl\" value=\"https:\/\/noticiasdestaque.com.br\"><input type=\"hidden\" id=\"audio_nonce\" value=\"6a24ca502e\">","protected":false},"excerpt":{"rendered":"<p>7 de setembro, 12 de outubro e 2 de novembro. Com os tr\u00eas primeiros feriados do segundo semestre caindo no s\u00e1bado, o que muda para o com\u00e9rcio e setores de servi\u00e7os? <\/p>\n","protected":false},"author":1,"featured_media":38018,"comment_status":"open","ping_status":"open","sticky":false,"template":"","format":"standard","meta":{"fifu_image_url":"","fifu_image_alt":"","footnotes":""},"categories":[59],"tags":[],"class_list":["post-38017","post","type-post","status-publish","format-standard","has-post-thumbnail","hentry","category-economia"],"distributor_meta":false,"distributor_terms":false,"distributor_media":false,"distributor_original_site_name":"Noticias em Destaque","distributor_original_site_url":"https:\/\/noticiasdestaque.com.br","push-errors":false,"_links":{"self":[{"href":"https:\/\/noticiasdestaque.com.br\/index.php\/wp-json\/wp\/v2\/posts\/38017","targetHints":{"allow":["GET"]}}],"collection":[{"href":"https:\/\/noticiasdestaque.com.br\/index.php\/wp-json\/wp\/v2\/posts"}],"about":[{"href":"https:\/\/noticiasdestaque.com.br\/index.php\/wp-json\/wp\/v2\/types\/post"}],"author":[{"embeddable":true,"href":"https:\/\/noticiasdestaque.com.br\/index.php\/wp-json\/wp\/v2\/users\/1"}],"replies":[{"embeddable":true,"href":"https:\/\/noticiasdestaque.com.br\/index.php\/wp-json\/wp\/v2\/comments?post=38017"}],"version-history":[{"count":0,"href":"https:\/\/noticiasdestaque.com.br\/index.php\/wp-json\/wp\/v2\/posts\/38017\/revisions"}],"wp:featuredmedia":[{"embeddable":true,"href":"https:\/\/noticiasdestaque.com.br\/index.php\/wp-json\/wp\/v2\/media\/38018"}],"wp:attachment":[{"href":"https:\/\/noticiasdestaque.com.br\/index.php\/wp-json\/wp\/v2\/media?parent=38017"}],"wp:term":[{"taxonomy":"category","embeddable":true,"href":"https:\/\/noticiasdestaque.com.br\/index.php\/wp-json\/wp\/v2\/categories?post=38017"},{"taxonomy":"post_tag","embeddable":true,"href":"https:\/\/noticiasdestaque.com.br\/index.php\/wp-json\/wp\/v2\/tags?post=38017"}],"curies":[{"name":"wp","href":"https:\/\/api.w.org\/{rel}","templated":true}]}}