{"id":38005,"date":"2024-09-04T03:00:00","date_gmt":"2024-09-04T06:00:00","guid":{"rendered":"https:\/\/noticiasdestaque.com.br\/index.php\/2024\/09\/04\/dengue-plano-de-acao-e-antecipado\/"},"modified":"2024-09-04T03:00:00","modified_gmt":"2024-09-04T06:00:00","slug":"dengue-plano-de-acao-e-antecipado","status":"publish","type":"post","link":"https:\/\/noticiasdestaque.com.br\/index.php\/2024\/09\/04\/dengue-plano-de-acao-e-antecipado\/","title":{"rendered":"Dengue: plano de a\u00e7\u00e3o \u00e9 antecipado"},"content":{"rendered":"<p>\t\t\t\t\t\t\t\t\t\t<audio controls class=\"b61_audio_player\" data-noticia=\"75348\" src=\"https:\/\/brasil61.com\/rails\/active_storage\/blobs\/eyJfcmFpbHMiOnsibWVzc2FnZSI6IkJBaHBBeUw2QWc9PSIsImV4cCI6bnVsbCwicHVyIjoiYmxvYl9pZCJ9fQ==--bb3a7b2bfe6f4639b89d6d37d8d971add224db46\/BRAS2412570A\"><\/audio><\/p>\n<p>Dizem que prevenir ainda \u00e9 melhor que remediar. No caso da dengue, a preven\u00e7\u00e3o \u00e9 a \u00fanica sa\u00edda e, este ano, os cuidados come\u00e7aram mais cedo. Um novo plano de combate \u00e0 doen\u00e7a est\u00e1 previsto para ser lan\u00e7ado este m\u00eas pelo Minist\u00e9rio da Sa\u00fade e vai envolver controle dos vetores e uso de inova\u00e7\u00f5es tecnol\u00f3gicas.\u00a0<\/p>\n<p>A a\u00e7\u00e3o veio depois que autoridades do Minist\u00e9rio da Sa\u00fade \u00a0anunciaram, em maio, que em fun\u00e7\u00e3o das mudan\u00e7as clim\u00e1ticas, a pr\u00f3xima epidemia de dengue poderia vir ainda mais cedo \u2014 o que poderia acontecer j\u00e1 em novembro deste ano. Pensando nisso, a pasta se antecipou. A estrat\u00e9gia prev\u00ea o controle do mosquito e o uso de mosquitos modificados geneticamente para bloquear a transmiss\u00e3o da doen\u00e7a, conhecido como m\u00e9todo Wolbachia.<\/p>\n<p>Em nota, o Minist\u00e9rio da Sa\u00fade informa que o Plano de Resposta \u00e0s Arboviroses tem o objetivo de implementar novas tecnologias de controle vetorial nos munic\u00edpios brasileiros, de maneira escalonada, considerando o perfil epidemiol\u00f3gico e a popula\u00e7\u00e3o sob risco, preparar a rede de aten\u00e7\u00e3o \u00e0 sa\u00fade para atender os casos durante epidemias e garantir o abastecimento de insumos para diagn\u00f3stico, assist\u00eancia e controle vetorial.<\/p>\n<p>Para o sanitarista e professor da Universidade de Bras\u00edlia, Jonas Brant, esse \u00e9 o momento correto de agir. \u201cPor que os ovos do mosquito permanecem no ambiente quando seca, ele fica esperando a chegada das chuvas. Quanto antes come\u00e7arem as atividades no per\u00edodo seco, eu garanto que quando come\u00e7ar a chover eu tenha menos recipientes naquele ambiente, assim, \u00e9 poss\u00edvel atrasar o crescimento da popula\u00e7\u00e3o de mosquitos e tamb\u00e9m o aumento do n\u00famero de casos.\u201d\u00a0<\/p>\n<h2>M\u00e9todo Wolbachia<\/h2>\n<p>Uma das estrat\u00e9gias previstas pelo Minist\u00e9rio \u00e9 o chamado M\u00e9todo Wolbachia \u2014 que consiste em introduzir a bact\u00e9ria Wolbachia nos mosquitos. O microorganismo bloqueia a transmiss\u00e3o do v\u00edrus para o ser humano e altera o ciclo reprodutivo do Aedes Aegypti.<\/p>\n<p>Como a dengue precisa de um intermedi\u00e1rio \u2014 o mosquito \u2014 para se propagar, a identifica\u00e7\u00e3o dos locais onde ainda h\u00e1 transmiss\u00e3o do v\u00edrus nesta \u00e9poca do ano \u00e9 fundamental para o controle da doen\u00e7a, explica o sanitarista.\u00a0<\/p>\n<p>\u201cNessas regi\u00f5es, \u00e9 preciso gastar um esfor\u00e7o muito maior nesta \u00e9poca do ano para evitar o in\u00edcio de uma epidemia\u201d , refor\u00e7a Brant. A antecipa\u00e7\u00e3o das a\u00e7\u00f5es permite que, com a chegada das chuvas, j\u00e1 esteja montada uma organiza\u00e7\u00e3o efetiva para conter o in\u00edcio da transmiss\u00e3o e o controle do n\u00famero de casos.\u00a0<\/p>\n<h2>Vacina<\/h2>\n<p>Em entrevista do Estad\u00e3o, a ministra da Sa\u00fade N\u00edsia Trindade disse que a vacina\u00e7\u00e3o n\u00e3o \u00e9 o principal ponto deste novo plano..<\/p>\n<p>\u201cA vacina \u00e9 uma estrat\u00e9gia que vamos continuar a utilizar, mas n\u00e3o \u00e9 a principal estrat\u00e9gia para 2025. Pode ser que venha a ser em 2026, a depender do desenvolvimento da vacina do Butantan. E podendo aumentar (a aquisi\u00e7\u00e3o de doses) da Takeda, certamente aumentaremos.\u201d<\/p>\n<p>O imunizante\u00a0contra a dengue come\u00e7ou a ser aplicado num p\u00fablico restrito este ano \u2014 jovens de 6 a 16 anos. Mas em fun\u00e7\u00e3o da baixa disponibilidade das doses oferecida pelo fabricante, o alcance n\u00e3o p\u00f4de ser maior. Este ano o governo federal comprou 6,5 milh\u00f5es de doses e outros 9 milh\u00f5es devem ser usados em 2025. \u00a0<\/p>\n<p>A produ\u00e7\u00e3o nacional pelo Instituto Butantan \u00e9 vista com otimismo, mas o processo ainda deve demorar, avalia a ministra. \u201cEu diria que nossa aposta maior, mas falo isso com cuidado, porque ainda nem foi submetida \u00e0 Anvisa, \u00e9 a vacina do Butantan, que de fato mostrou excelente resultado em estudos cl\u00ednicos. Vamos trabalhar com o Butantan esse cronograma.\u201d<\/p>\n<h2>Cuidados precisam continuar<\/h2>\n<p>Em 2024, o Brasil viveu a pior epidemia de dengue da hist\u00f3ria. Foram 6,5 milh\u00f5es de casos prov\u00e1veis da doen\u00e7a, segundo o Minist\u00e9rio da Sa\u00fade e mais de 5,2 mil mortes \u2014 a maior parte delas entre fevereiro e abril \u2014 no per\u00edodo de aumento das chuvas.<\/p>\n<p>Na 35\u00aa semana epidemiol\u00f3gica, o n\u00famero caiu para 3.938 casos prov\u00e1veis da doen\u00e7a. Mas nem por isso d\u00e1 para descuidar. Mesmo com o n\u00famero de casos em baixa, a nutricionista Nathalia Mariath, moradora do Distrito Federal, conta que est\u00e1 sempre atenta para evitar infec\u00e7\u00f5es.<\/p>\n<p>\u201cVem um rapaz de m\u00eas em m\u00eas aqui em casa fazer uma vistoria para ver se tem vasinho com \u00e1gua, verifica se a piscina est\u00e1 limpa e coberta. Al\u00e9m da fiscaliza\u00e7\u00e3o, essa equipe ainda d\u00e1 orienta\u00e7\u00f5es\u201d explica a moradora do bairro Taquari, na zona norte do DF.\u00a0<\/p>\n<p>\t\t\t\t\t\t\t\t\t<img loading=\"lazy\" decoding=\"async\" src=\"https:\/\/brasil61.com\/api\/v1\/serve_pixel\/17677\/75348\" alt=\"Pixel Brasil 61\" class=\"b61_pixel\" width=\"0\" height=\"0\"><\/p>\n<input type=\"hidden\" id=\"baseurl\" value=\"https:\/\/noticiasdestaque.com.br\"><input type=\"hidden\" id=\"audio_nonce\" value=\"6a24ca502e\">","protected":false},"excerpt":{"rendered":"<p>Minist\u00e9rio da Sa\u00fade anuncia novo plano para combater o mosquito antes do per\u00edodo usual. Controle do vetor e tecnologia s\u00e3o armas usadas<\/p>\n","protected":false},"author":1,"featured_media":38006,"comment_status":"open","ping_status":"open","sticky":false,"template":"","format":"standard","meta":{"fifu_image_url":"","fifu_image_alt":"","footnotes":""},"categories":[51],"tags":[],"class_list":["post-38005","post","type-post","status-publish","format-standard","has-post-thumbnail","hentry","category-saude"],"distributor_meta":false,"distributor_terms":false,"distributor_media":false,"distributor_original_site_name":"Noticias em Destaque","distributor_original_site_url":"https:\/\/noticiasdestaque.com.br","push-errors":false,"_links":{"self":[{"href":"https:\/\/noticiasdestaque.com.br\/index.php\/wp-json\/wp\/v2\/posts\/38005","targetHints":{"allow":["GET"]}}],"collection":[{"href":"https:\/\/noticiasdestaque.com.br\/index.php\/wp-json\/wp\/v2\/posts"}],"about":[{"href":"https:\/\/noticiasdestaque.com.br\/index.php\/wp-json\/wp\/v2\/types\/post"}],"author":[{"embeddable":true,"href":"https:\/\/noticiasdestaque.com.br\/index.php\/wp-json\/wp\/v2\/users\/1"}],"replies":[{"embeddable":true,"href":"https:\/\/noticiasdestaque.com.br\/index.php\/wp-json\/wp\/v2\/comments?post=38005"}],"version-history":[{"count":0,"href":"https:\/\/noticiasdestaque.com.br\/index.php\/wp-json\/wp\/v2\/posts\/38005\/revisions"}],"wp:featuredmedia":[{"embeddable":true,"href":"https:\/\/noticiasdestaque.com.br\/index.php\/wp-json\/wp\/v2\/media\/38006"}],"wp:attachment":[{"href":"https:\/\/noticiasdestaque.com.br\/index.php\/wp-json\/wp\/v2\/media?parent=38005"}],"wp:term":[{"taxonomy":"category","embeddable":true,"href":"https:\/\/noticiasdestaque.com.br\/index.php\/wp-json\/wp\/v2\/categories?post=38005"},{"taxonomy":"post_tag","embeddable":true,"href":"https:\/\/noticiasdestaque.com.br\/index.php\/wp-json\/wp\/v2\/tags?post=38005"}],"curies":[{"name":"wp","href":"https:\/\/api.w.org\/{rel}","templated":true}]}}