{"id":38003,"date":"2024-09-05T00:08:00","date_gmt":"2024-09-05T03:08:00","guid":{"rendered":"https:\/\/noticiasdestaque.com.br\/index.php\/2024\/09\/05\/dengue-brasil-registra-65-milhoes-de-casos-provaveis-em-2024\/"},"modified":"2024-09-05T00:08:00","modified_gmt":"2024-09-05T03:08:00","slug":"dengue-brasil-registra-65-milhoes-de-casos-provaveis-em-2024","status":"publish","type":"post","link":"https:\/\/noticiasdestaque.com.br\/index.php\/2024\/09\/05\/dengue-brasil-registra-65-milhoes-de-casos-provaveis-em-2024\/","title":{"rendered":"Dengue: Brasil registra 6,5 milh\u00f5es de casos prov\u00e1veis em 2024"},"content":{"rendered":"<p>\t\t\t\t\t\t\t\t\t\t<audio controls class=\"b61_audio_player\" data-noticia=\"75509\" src=\"https:\/\/brasil61.com\/rails\/active_storage\/blobs\/eyJfcmFpbHMiOnsibWVzc2FnZSI6IkJBaHBBNi82QWc9PSIsImV4cCI6bnVsbCwicHVyIjoiYmxvYl9pZCJ9fQ==--596090ef6cf46c0c67727928909007ad6a246564\/BRAS2412577A\"><\/audio><\/p>\n<p>O Brasil j\u00e1 registrou 6.509.794 casos prov\u00e1veis de dengue em 2024. O dado \u00e9 da mais recente atualiza\u00e7\u00e3o do <a href=\"https:\/\/www.gov.br\/saude\/pt-br\/assuntos\/saude-de-a-a-z\/a\/aedes-aegypti\/monitoramento-das-arboviroses\" target=\"_blank\" rel=\"noopener\">Painel de Monitoramento das Arboviroses do Minist\u00e9rio da Sa\u00fade<\/a>. De janeiro at\u00e9 agora, foram contabilizadas 5.267 mortes pela doen\u00e7a e outras 1.988 est\u00e3o em investiga\u00e7\u00e3o. No momento, o coeficiente de incid\u00eancia de dengue no pa\u00eds \u00e9 de 3.205,8 casos para cada 100 mil habitantes.<\/p>\n<p>Segundo o monitoramento da pasta, 55% dos casos foram identificados entre as mulheres. A faixa et\u00e1ria mais acometida pela dengue \u00e9 entre 20 e 29 anos, seguida por 30 a 39 anos e 40 a 49 anos. Beb\u00eas com menos de 1 ano, idosos com 80 anos ou mais e crian\u00e7as de 1 a 4 anos s\u00e3o os menos atingidos pela doen\u00e7a.<\/p>\n<p>Entre os estados, S\u00e3o Paulo lidera com o maior n\u00famero de casos graves e sinais de alarme, com 24.934 casos de janeiro at\u00e9 agora. Na sequ\u00eancia est\u00e3o Minas Gerais, com 15.128; Paran\u00e1, com 13.546, e Distrito Federal, com 10.249. Roraima (3), Acre (11) e Rond\u00f4nia (33) s\u00e3o os estados com menos casos graves ou sinais de alarme.<br \/>\nO infectologista Ant\u00f4nio Carlos Bandeira refor\u00e7a as medidas preventivas contra a dengue.<\/p>\n<p>\u201cAs principais medidas de preven\u00e7\u00e3o podem ser divididas em duas partes, a primeira individual e a segunda coletiva. Na parte individual, \u00e9 fundamental usar repelentes, tais como aqueles \u00e0 base de icaridina ou DEET, principalmente as gestantes precisam usar repelentes do primeiro ao \u00faltimo dia da gesta\u00e7\u00e3o para que n\u00e3o tenham possibilidade de se contaminarem com o v\u00edrus da zika, que \u00e9 altamente teratog\u00eanico. A outra situa\u00e7\u00e3o para preven\u00e7\u00e3o \u00e9 voc\u00ea utilizar roupas mais compridas, telas, em regi\u00f5es onde voc\u00ea pode dormir com telas, e ar-condicionado.\u201d\u00a0<\/p>\n<p>Na parte coletiva, \u00e9 fundamental eliminar os focos de prolifera\u00e7\u00e3o do mosquito Aedes aegypti \u2014 transmissor da dengue e outras doen\u00e7as como zika, chikungunya e febre amarela \u2014 n\u00e3o deixando \u00e1gua parada.<\/p>\n<p><strong><a href=\"https:\/\/brasil61.com\/n\/dengue-plano-de-acao-e-antecipado-bras2412570\" target=\"_blank\" rel=\"noopener\">Dengue: plano de a\u00e7\u00e3o \u00e9 antecipado<\/a><\/strong><\/p>\n<p><strong><a href=\"https:\/\/brasil61.com\/n\/chikungunya-brasil-registra-254-mil-casos-provaveis-e-162-mortes-em-2024-bras2412557\" target=\"_blank\" rel=\"noopener\">Chikungunya: Brasil registra 254 mil casos prov\u00e1veis e 162 mortes em 2024<\/a><\/strong><\/p>\n<p>\t\t\t\t\t\t\t\t\t<img loading=\"lazy\" decoding=\"async\" src=\"https:\/\/brasil61.com\/api\/v1\/serve_pixel\/17677\/75509\" alt=\"Pixel Brasil 61\" class=\"b61_pixel\" width=\"0\" height=\"0\"><\/p>\n<input type=\"hidden\" id=\"baseurl\" value=\"https:\/\/noticiasdestaque.com.br\"><input type=\"hidden\" id=\"audio_nonce\" value=\"6a24ca502e\">","protected":false},"excerpt":{"rendered":"<p>De janeiro at\u00e9 agora foram contabilizados 5.267 \u00f3bitos pela doen\u00e7a e outros 1.988 est\u00e3o em investiga\u00e7\u00e3o, segundo o Minist\u00e9rio da Sa\u00fade<\/p>\n","protected":false},"author":1,"featured_media":38004,"comment_status":"open","ping_status":"open","sticky":false,"template":"","format":"standard","meta":{"fifu_image_url":"","fifu_image_alt":"","footnotes":""},"categories":[51],"tags":[],"class_list":["post-38003","post","type-post","status-publish","format-standard","has-post-thumbnail","hentry","category-saude"],"distributor_meta":false,"distributor_terms":false,"distributor_media":false,"distributor_original_site_name":"Noticias em Destaque","distributor_original_site_url":"https:\/\/noticiasdestaque.com.br","push-errors":false,"_links":{"self":[{"href":"https:\/\/noticiasdestaque.com.br\/index.php\/wp-json\/wp\/v2\/posts\/38003","targetHints":{"allow":["GET"]}}],"collection":[{"href":"https:\/\/noticiasdestaque.com.br\/index.php\/wp-json\/wp\/v2\/posts"}],"about":[{"href":"https:\/\/noticiasdestaque.com.br\/index.php\/wp-json\/wp\/v2\/types\/post"}],"author":[{"embeddable":true,"href":"https:\/\/noticiasdestaque.com.br\/index.php\/wp-json\/wp\/v2\/users\/1"}],"replies":[{"embeddable":true,"href":"https:\/\/noticiasdestaque.com.br\/index.php\/wp-json\/wp\/v2\/comments?post=38003"}],"version-history":[{"count":0,"href":"https:\/\/noticiasdestaque.com.br\/index.php\/wp-json\/wp\/v2\/posts\/38003\/revisions"}],"wp:featuredmedia":[{"embeddable":true,"href":"https:\/\/noticiasdestaque.com.br\/index.php\/wp-json\/wp\/v2\/media\/38004"}],"wp:attachment":[{"href":"https:\/\/noticiasdestaque.com.br\/index.php\/wp-json\/wp\/v2\/media?parent=38003"}],"wp:term":[{"taxonomy":"category","embeddable":true,"href":"https:\/\/noticiasdestaque.com.br\/index.php\/wp-json\/wp\/v2\/categories?post=38003"},{"taxonomy":"post_tag","embeddable":true,"href":"https:\/\/noticiasdestaque.com.br\/index.php\/wp-json\/wp\/v2\/tags?post=38003"}],"curies":[{"name":"wp","href":"https:\/\/api.w.org\/{rel}","templated":true}]}}