{"id":38001,"date":"2024-09-05T00:10:00","date_gmt":"2024-09-05T03:10:00","guid":{"rendered":"https:\/\/noticiasdestaque.com.br\/index.php\/2024\/09\/05\/mpox-sao-paulo-lidera-ranking-de-estados-com-mais-casos\/"},"modified":"2024-09-05T00:10:00","modified_gmt":"2024-09-05T03:10:00","slug":"mpox-sao-paulo-lidera-ranking-de-estados-com-mais-casos","status":"publish","type":"post","link":"https:\/\/noticiasdestaque.com.br\/index.php\/2024\/09\/05\/mpox-sao-paulo-lidera-ranking-de-estados-com-mais-casos\/","title":{"rendered":"MPOX: S\u00e3o Paulo lidera ranking de estados com mais casos"},"content":{"rendered":"<p>\t\t\t\t\t\t\t\t\t\t<audio controls class=\"b61_audio_player\" data-noticia=\"75497\" src=\"https:\/\/brasil61.com\/rails\/active_storage\/blobs\/eyJfcmFpbHMiOnsibWVzc2FnZSI6IkJBaHBBNm42QWc9PSIsImV4cCI6bnVsbCwicHVyIjoiYmxvYl9pZCJ9fQ==--4c1839475176e4edd30ae52cb728da1d80e4d39b\/BRAS2412576A\"><\/audio><\/p>\n<p>Dados do \u00faltimo boletim epidemiol\u00f3gico sobre Mpox, divulgado pelo Minist\u00e9rio da Sa\u00fade nesta ter\u00e7a-feira (3), mostram que, no Brasil, os estados que registraram os maiores quantitativos de casos da doen\u00e7a at\u00e9 o momento foram: S\u00e3o Paulo (487; 51,5%), Rio de Janeiro (216; 22,9%), Minas Gerais (52; 5,5%) e Bahia (39; 4,1%). Por outro lado, Amap\u00e1, Tocantins e Piau\u00ed n\u00e3o tiveram registro de casos confirmados ou prov\u00e1veis.<\/p>\n<p><a href=\"https:\/\/www.gov.br\/saude\/pt-br\/composicao\/svsa\/coes\/mpox\/informes\/informe-semanal-no-03\" target=\"_blank\" rel=\"noopener\">Confira o levantamento completo aqui<\/a><\/p>\n<p>Entre os munic\u00edpios, os cinco que registraram maiores quantitativos de casos confirmados e prov\u00e1veis foram: S\u00e3o Paulo (343; 36,3%), Rio de Janeiro (160; 16,9%), Belo Horizonte (43;4,6%), Salvador (28; 3,0%) e Bras\u00edlia (20; 2,1%). Vale destacar que, entre os atuais 264 casos suspeitos de Mpox no Pa\u00eds, o estado de S\u00e3o Paulo concentra 40,5% (107) das notifica\u00e7\u00f5es.<\/p>\n<p><a href=\"https:\/\/brasil61.com\/n\/oms-declara-mpox-emergencia-global-entenda-os-motivos-bras2412504\" target=\"_blank\" rel=\"noopener\">OMS declara Mpox emerg\u00eancia global: entenda os motivos<\/a><\/p>\n<p><a href=\"https:\/\/brasil61.com\/n\/mpox-brasil-monitora-casos-e-negocia-compra-de-vacinas-bras2412432\" target=\"_blank\" rel=\"noopener\">Mpox: Brasil monitora casos e negocia compra de vacinas<\/a><\/p>\n<p>Em todo o pa\u00eds, entre as Semanas Epidemiol\u00f3gicas 1 a 35 de 2024, foram notificados 945 casos confirmados ou prov\u00e1veis da doen\u00e7a. A regi\u00e3o com maior n\u00famero de notifica\u00e7\u00f5es de casos foi a Sudeste, com 80,7% (763) dos casos nacionais.<\/p>\n<p>O infectologista do Sabin Diagn\u00f3stico e Sa\u00fade, Claudilson Bastos, destaca que, entre as principais medidas de preven\u00e7\u00e3o est\u00e3o evitar o\u00a0contato com pessoas infectadas e manter uma higiene rigorosa.\u00a0<\/p>\n<p>\u201cCom rela\u00e7\u00e3o \u00e0s medidas preventivas para monkeypox, n\u00f3s temos que considerar a quest\u00e3o do contato f\u00edsico para aqueles pacientes que apresentam les\u00f5es, como ves\u00edculas ou como p\u00fastulas ou como infec\u00e7\u00f5es, les\u00f5es de pele, sejam elas na regi\u00e3o genital, ou no corpo mesmo, m\u00e3os, bra\u00e7os, enfim. Ent\u00e3o nesse caso eu preciso ter o contato a distanciamento. O uso de m\u00e1scara tamb\u00e9m \u00e9 importante porque transmite por got\u00edculas, ent\u00e3o \u00e9 preciso ter cautela com rela\u00e7\u00e3o a isso, usar m\u00e1scara, \u00e1lcool gel\u201d, recomenda.\u00a0<\/p>\n<h2>Mpox n\u00e3o \u00e9 efeito colateral da vacina contra covid-19<\/h2>\n<p>De acordo com o Minist\u00e9rio da Sa\u00fade, depois que a Organiza\u00e7\u00e3o Mundial da Sa\u00fade (OMS) declarou, em 14 de agosto de 2024, a Mpox como emerg\u00eancia de sa\u00fade internacional, come\u00e7aram a circular nas redes sociais informa\u00e7\u00f5es falsas sobre a doen\u00e7a. Entre, os conte\u00fados falsos est\u00e1 a \u201cafirma\u00e7\u00e3o de que a Mpox \u00e9 efeito colateral da vacina contra a covid-19.\u201d A Pasta, no entanto, reitera que \u201cn\u00e3o h\u00e1 nenhum dado cient\u00edfico ou qualquer evid\u00eancia que permita afirmar qualquer liga\u00e7\u00e3o entre Mpox e vacina\u00e7\u00e3o.\u201d \u00a0<\/p>\n<p>Por meio de nota, o minist\u00e9rio afirma que a Mpox \u00e9 \u201cuma doen\u00e7a viral zoon\u00f3tica transmitida aos seres humanos por meio de contato com pessoas infectadas ou materiais contaminados. Ela \u00e9 causada pelo v\u00edrus MPXV, pertencente ao g\u00eanero Orthopoxvirus e \u00e0 fam\u00edlia Poxviridae. Ela n\u00e3o \u00e9 um efeito colateral das vacinas contra a covid-19 ou de qualquer outra vacina.\u201d\u00a0<\/p>\n<p>\t\t\t\t\t\t\t\t\t<img loading=\"lazy\" decoding=\"async\" src=\"https:\/\/brasil61.com\/api\/v1\/serve_pixel\/17677\/75497\" alt=\"Pixel Brasil 61\" class=\"b61_pixel\" width=\"0\" height=\"0\"><\/p>\n<input type=\"hidden\" id=\"baseurl\" value=\"https:\/\/noticiasdestaque.com.br\"><input type=\"hidden\" id=\"audio_nonce\" value=\"6a24ca502e\">","protected":false},"excerpt":{"rendered":"<p>De acordo com o Minist\u00e9rio da Sa\u00fade, Mpox n\u00e3o \u00e9 efeito colateral da vacina contra covid-19<\/p>\n","protected":false},"author":1,"featured_media":38002,"comment_status":"open","ping_status":"open","sticky":false,"template":"","format":"standard","meta":{"fifu_image_url":"","fifu_image_alt":"","footnotes":""},"categories":[51],"tags":[],"class_list":["post-38001","post","type-post","status-publish","format-standard","has-post-thumbnail","hentry","category-saude"],"distributor_meta":false,"distributor_terms":false,"distributor_media":false,"distributor_original_site_name":"Noticias em Destaque","distributor_original_site_url":"https:\/\/noticiasdestaque.com.br","push-errors":false,"_links":{"self":[{"href":"https:\/\/noticiasdestaque.com.br\/index.php\/wp-json\/wp\/v2\/posts\/38001","targetHints":{"allow":["GET"]}}],"collection":[{"href":"https:\/\/noticiasdestaque.com.br\/index.php\/wp-json\/wp\/v2\/posts"}],"about":[{"href":"https:\/\/noticiasdestaque.com.br\/index.php\/wp-json\/wp\/v2\/types\/post"}],"author":[{"embeddable":true,"href":"https:\/\/noticiasdestaque.com.br\/index.php\/wp-json\/wp\/v2\/users\/1"}],"replies":[{"embeddable":true,"href":"https:\/\/noticiasdestaque.com.br\/index.php\/wp-json\/wp\/v2\/comments?post=38001"}],"version-history":[{"count":0,"href":"https:\/\/noticiasdestaque.com.br\/index.php\/wp-json\/wp\/v2\/posts\/38001\/revisions"}],"wp:featuredmedia":[{"embeddable":true,"href":"https:\/\/noticiasdestaque.com.br\/index.php\/wp-json\/wp\/v2\/media\/38002"}],"wp:attachment":[{"href":"https:\/\/noticiasdestaque.com.br\/index.php\/wp-json\/wp\/v2\/media?parent=38001"}],"wp:term":[{"taxonomy":"category","embeddable":true,"href":"https:\/\/noticiasdestaque.com.br\/index.php\/wp-json\/wp\/v2\/categories?post=38001"},{"taxonomy":"post_tag","embeddable":true,"href":"https:\/\/noticiasdestaque.com.br\/index.php\/wp-json\/wp\/v2\/tags?post=38001"}],"curies":[{"name":"wp","href":"https:\/\/api.w.org\/{rel}","templated":true}]}}