{"id":37999,"date":"2024-08-28T03:00:00","date_gmt":"2024-08-28T06:00:00","guid":{"rendered":"https:\/\/noticiasdestaque.com.br\/index.php\/2024\/08\/28\/como-se-proteger-da-fumaca-provocada-pelas-queimadas\/"},"modified":"2024-08-28T03:00:00","modified_gmt":"2024-08-28T06:00:00","slug":"como-se-proteger-da-fumaca-provocada-pelas-queimadas","status":"publish","type":"post","link":"https:\/\/noticiasdestaque.com.br\/index.php\/2024\/08\/28\/como-se-proteger-da-fumaca-provocada-pelas-queimadas\/","title":{"rendered":"Como se proteger da fuma\u00e7a provocada pelas queimadas?"},"content":{"rendered":"<p>\t\t\t\t\t\t\t\t\t\t<audio controls class=\"b61_audio_player\" data-noticia=\"74851\" src=\"https:\/\/brasil61.com\/rails\/active_storage\/blobs\/eyJfcmFpbHMiOnsibWVzc2FnZSI6IkJBaHBBM0wxQWc9PSIsImV4cCI6bnVsbCwicHVyIjoiYmxvYl9pZCJ9fQ==--729b3b449f2ea8bb920e0e295749ce82a11ef988\/BRAS2412500A\"><\/audio><\/p>\n<p>Tosse persistente, sensa\u00e7\u00e3o de mal-estar e desconforto respirat\u00f3rio. S\u00e3o apenas alguns sintomas causados pela inala\u00e7\u00e3o da fuma\u00e7a que assustou moradores de alguns estados nos \u00faltimos dias . Diversos focos de inc\u00eandio foram registrados\u00a0em cidades como S\u00e3o Paulo. V\u00e1rias regi\u00f5es sofreram com os efeitos da fuma\u00e7a, que se dispersou com a a\u00e7\u00e3o dos ventos. O pneumologista e professor da Faculdade de Medicina da UnB Ricardo Martins\u00a0diz que as pessoas precisam se proteger. Conforme o especialista, a fuma\u00e7a intensa e a neblina\u00a0podem provocar s\u00e9rios problemas \u00e0 sa\u00fade.<\/p>\n<p>\u201cA fuma\u00e7a lan\u00e7a gases t\u00f3xicos para a atmosfera, competindo com o oxig\u00eanio, e a popula\u00e7\u00e3o respira ent\u00e3o uma concentra\u00e7\u00e3o de oxig\u00eanio menor, acrescida do fato de estar respirando gases t\u00f3xicos. Al\u00e9m disso, respira part\u00edculas provenientes da queima desses vegetais, o que, uma vez entrando no sistema respirat\u00f3rio, podem provocar inflama\u00e7\u00e3o, inicialmente no pulm\u00e3o,\u00a0e depois de sua absor\u00e7\u00e3o, isso pode acarretar a inflama\u00e7\u00e3o em outros \u00f3rg\u00e3os\u201d, relata.<\/p>\n<p>Segundo o pneumologista, quando se est\u00e1 em \u00e1rea de queimadas, a quantidade de fuligem que fica suspensa no\u00a0ar que as pessoas\u00a0respiram \u00e9 muito elevada.<\/p>\n<p>\u201cEssa carga, ela \u00e9 maior do que as defesas pulmonares s\u00e3o capazes de nos proteger e a\u00ed voc\u00ea come\u00e7a a ter uma regress\u00e3o das vias respirat\u00f3rias dos pulm\u00f5es por essa fuligem, por essa polui\u00e7\u00e3o toda. Isso pode causar grande sensa\u00e7\u00e3o de mal-estar, pode causar tosse intensa, desconforto respirat\u00f3rio, pode agravar os quadros de doen\u00e7as respirat\u00f3rias cr\u00f4nicas, como a asma\u201d, explica.<\/p>\n<p><a href=\"https:\/\/brasil61.com\/n\/midr-aprova-r-11-7-milhoes-para-acoes-de-defesa-civil-na-amazonia-pmdr242651\" target=\"_blank\" rel=\"noopener\">MIDR aprova R$ 11,7 milh\u00f5es para a\u00e7\u00f5es de defesa civil na Amaz\u00f4nia<\/a><\/p>\n<p><a href=\"https:\/\/brasil61.com\/n\/incendios-causados-pela-seca-podem-agravar-cenario-de-interrupcoes-de-energia-eletrica-bras2412275\" target=\"_blank\" rel=\"noopener\">Inc\u00eandios causados pela seca podem agravar cen\u00e1rio de interrup\u00e7\u00f5es de energia el\u00e9trica<\/a><\/p>\n<p>De acordo com o Minist\u00e9rio do Meio Ambiente, a quantidade de focos de inc\u00eandio ao mesmo tempo em diferentes localidades levou as autoridades a abrir investiga\u00e7\u00e3o para saber se parte deles \u00e9 de origem criminosa. Ao todo, j\u00e1 s\u00e3o 31 inqu\u00e9ritos abertos entre Amaz\u00f4nia e Pantanal e dois em S\u00e3o Paulo.<\/p>\n<p>A fuma\u00e7a tamb\u00e9m se espalhou por cidades pr\u00f3ximas. Em Bras\u00edlia, segundo o Corpo de Bombeiros do DF, a capital amanheceu por dois dias encoberta de fuma\u00e7a pelas chamas do fogo que atingia n\u00e3o apenas o estado de S\u00e3o Paulo, mas tamb\u00e9m o Pantanal e a Amaz\u00f4nia.<\/p>\n<h2>Problemas respirat\u00f3rios<\/h2>\n<p>Para o professor Gilmar Alves Zonzin, pneumologista, membro e ex-presidente da Sociedade de Pneumologia e Tisiologia do Estado do Rio de Janeiro (Sopterj), em situa\u00e7\u00f5es em que se tem uma grande eleva\u00e7\u00e3o dos n\u00edveis de poluentes a\u00e9reos, os pulm\u00f5es n\u00e3o t\u00eam capacidade de limpeza, de defesa, de prote\u00e7\u00e3o suficiente para dar conta desse aumento de carga de polui\u00e7\u00e3o muito acentuada.<\/p>\n<p>\u201cAs pessoas que respiram essa fuma\u00e7a e essas part\u00edculas podem desenvolver doen\u00e7as respirat\u00f3rias agudas graves ou pessoas com condi\u00e7\u00f5es respirat\u00f3rias e cardiovasculares pr\u00e9-existentes podem ter um agravamento tamb\u00e9m da sua condi\u00e7\u00e3o de sa\u00fade, fazendo com que tenham que procurar servi\u00e7o de m\u00e9dico de maneira emergencial. A maneira de avaliar isso \u00e9 atrav\u00e9s da observa\u00e7\u00e3o de uma tosse persistente, intensa falta de ar e palpita\u00e7\u00e3o\u201d, destaca.<\/p>\n<p>O pneumologista Gilmar Alves acrescenta que algumas medidas podem ajudar a enfrentar essa situa\u00e7\u00e3o.<\/p>\n<p>\u201cFechar as portas de casa e as janelas, colocando nas frestas panos \u00famidos, al\u00e9m disso, umidificar o ambiente da casa com toalhas molhadas e bacias d&#8217;\u00e1gua, procurar fazer hidrata\u00e7\u00e3o, que pode ser com \u00e1gua mesmo ou suco de frutas e \u00e1gua de coco, usar soro fisiol\u00f3gico nasal e nos olhos e evitar atividades f\u00edsicas nos\u00a0momentos mais cr\u00edticos de temperatura. Evitar atividade f\u00edsica dependendo do n\u00edvel de fuma\u00e7a. Mas o hor\u00e1rio mais cr\u00edtico \u00e9 das 9 \u00e0s 17 horas\u201d, alerta.<\/p>\n<h2>Saiba como se proteger<\/h2>\n<p>\u201cAs pessoas que n\u00e3o t\u00eam alternativas, que t\u00eam que se expor\u00a0porque t\u00eam que sair para trabalhar, t\u00eam que se deslocar por qualquer motivo que seja, o uso de m\u00e1scaras que possam ajudar na filtra\u00e7\u00e3o de part\u00edculas maiores do ar \u00e9 algo que ajuda a proteger a via respirat\u00f3ria e a segurar algumas part\u00edculas maiores, minimizando o impacto desses elementos de polui\u00e7\u00e3o do ar atmosf\u00e9rico sobre o aparelho respirat\u00f3rio\u201d, orienta o professor Gilmar Alves Zonzin.<\/p>\n<p>Ele diz que \u00e9 poss\u00edvel minimizar a exposi\u00e7\u00e3o, com algumas orienta\u00e7\u00f5es.<\/p>\n<p>\u201cSe observar que o ar limpou, que o ar est\u00e1 mais puro, que o ar n\u00e3o est\u00e1 t\u00e3o carregado de fuligem, deixar ventilar os ambientes. Tentar diminuir a exposi\u00e7\u00e3o intradomiciliar a essa fuligem toda, a esses produtos de queimadas. Tomar bastante l\u00edquido tamb\u00e9m \u00e9 importante. Um organismo bem hidratado reage melhor a essas agress\u00f5es, ent\u00e3o tomar bastante l\u00edquido ajuda\u201d, alerta.<\/p>\n<p>\t\t\t\t\t\t\t\t\t<img loading=\"lazy\" decoding=\"async\" src=\"https:\/\/brasil61.com\/api\/v1\/serve_pixel\/17677\/74851\" alt=\"Pixel Brasil 61\" class=\"b61_pixel\" width=\"0\" height=\"0\"><\/p>\n<input type=\"hidden\" id=\"baseurl\" value=\"https:\/\/noticiasdestaque.com.br\"><input type=\"hidden\" id=\"audio_nonce\" value=\"6a24ca502e\">","protected":false},"excerpt":{"rendered":"<p>Pneumologistas explicam o que acontece com o organismo e alertam para os cuidados que devem ser observados<\/p>\n","protected":false},"author":1,"featured_media":38000,"comment_status":"open","ping_status":"open","sticky":false,"template":"","format":"standard","meta":{"fifu_image_url":"","fifu_image_alt":"","footnotes":""},"categories":[51],"tags":[],"class_list":["post-37999","post","type-post","status-publish","format-standard","has-post-thumbnail","hentry","category-saude"],"distributor_meta":false,"distributor_terms":false,"distributor_media":false,"distributor_original_site_name":"Noticias em Destaque","distributor_original_site_url":"https:\/\/noticiasdestaque.com.br","push-errors":false,"_links":{"self":[{"href":"https:\/\/noticiasdestaque.com.br\/index.php\/wp-json\/wp\/v2\/posts\/37999","targetHints":{"allow":["GET"]}}],"collection":[{"href":"https:\/\/noticiasdestaque.com.br\/index.php\/wp-json\/wp\/v2\/posts"}],"about":[{"href":"https:\/\/noticiasdestaque.com.br\/index.php\/wp-json\/wp\/v2\/types\/post"}],"author":[{"embeddable":true,"href":"https:\/\/noticiasdestaque.com.br\/index.php\/wp-json\/wp\/v2\/users\/1"}],"replies":[{"embeddable":true,"href":"https:\/\/noticiasdestaque.com.br\/index.php\/wp-json\/wp\/v2\/comments?post=37999"}],"version-history":[{"count":0,"href":"https:\/\/noticiasdestaque.com.br\/index.php\/wp-json\/wp\/v2\/posts\/37999\/revisions"}],"wp:featuredmedia":[{"embeddable":true,"href":"https:\/\/noticiasdestaque.com.br\/index.php\/wp-json\/wp\/v2\/media\/38000"}],"wp:attachment":[{"href":"https:\/\/noticiasdestaque.com.br\/index.php\/wp-json\/wp\/v2\/media?parent=37999"}],"wp:term":[{"taxonomy":"category","embeddable":true,"href":"https:\/\/noticiasdestaque.com.br\/index.php\/wp-json\/wp\/v2\/categories?post=37999"},{"taxonomy":"post_tag","embeddable":true,"href":"https:\/\/noticiasdestaque.com.br\/index.php\/wp-json\/wp\/v2\/tags?post=37999"}],"curies":[{"name":"wp","href":"https:\/\/api.w.org\/{rel}","templated":true}]}}