{"id":37995,"date":"2024-08-26T03:00:00","date_gmt":"2024-08-26T06:00:00","guid":{"rendered":"https:\/\/noticiasdestaque.com.br\/index.php\/2024\/08\/26\/militares-na-politica-candidaturas-cresceram-70-em-24-anos\/"},"modified":"2024-08-26T03:00:00","modified_gmt":"2024-08-26T06:00:00","slug":"militares-na-politica-candidaturas-cresceram-70-em-24-anos","status":"publish","type":"post","link":"https:\/\/noticiasdestaque.com.br\/index.php\/2024\/08\/26\/militares-na-politica-candidaturas-cresceram-70-em-24-anos\/","title":{"rendered":"Militares na pol\u00edtica: candidaturas cresceram 70% em 24 anos"},"content":{"rendered":"<p>\t\t\t\t\t\t\t\t\t\t<audio controls class=\"b61_audio_player\" data-noticia=\"74729\" src=\"https:\/\/brasil61.com\/rails\/active_storage\/blobs\/eyJfcmFpbHMiOnsibWVzc2FnZSI6IkJBaHBBMG4wQWc9PSIsImV4cCI6bnVsbCwicHVyIjoiYmxvYl9pZCJ9fQ==--0212c46cf954aa326223e28543208a9d4acdbfd2\/BRAS2412489A\"><\/audio><\/p>\n<p>Eles costumam usar a patente para se identificar: Sargento X, Capit\u00e3o Y, e por a\u00ed vai. Entre as bandeiras eleitorais mais usadas est\u00e1 o investimento em\u00a0seguran\u00e7a, que vem sempre em primeiro lugar. N\u00e3o \u00e0 toa, os militares na pol\u00edtica s\u00e3o uma realidade e o n\u00famero de candidaturas com patentes militares nas elei\u00e7\u00f5es municipais cresceu 70% desde o ano 2000.\u00a0<\/p>\n<p>Um levantamento in\u00e9dito feito pelo Instituto de Pesquisa e Reputa\u00e7\u00e3o de Imagem (IPRI), da FSB Holding, com dados do portal de estat\u00edsticas do Tribunal Superior Eleitoral (TSE), considera candidatos \u00e0s prefeituras e c\u00e2mara de vereadores das 26 Unidades da Federa\u00e7\u00e3o que participam das elei\u00e7\u00f5es municipais de 2024. \u00a0<\/p>\n<p>Enquanto no ano 2000\u00a0o n\u00famero de candidaturas com patentes militares era de 707, este ano os candidatos militares chegaram a 1.204. O levantamento mostra que o ritmo de crescimento de candidaturas com patentes militares \u00e9 5 vezes mais que o ritmo de crescimento do total de candidaturas nas elei\u00e7\u00f5es municipais. J\u00e1 que nesses 24 anos, o n\u00famero de candidaturas subiu 14%.\u00a0<\/p>\n<p>Segundo o professor de ci\u00eancia pol\u00edtica da Universidade de Bras\u00edlia, Lucio Renno, o aumento da viol\u00eancia e a publicidade que os casos relacionados \u00e0 seguran\u00e7a p\u00fablica ganham na m\u00eddia t\u00eam rela\u00e7\u00e3o direta com esse incremento das candidaturas de militares.\u00a0<\/p>\n<p>\u201cIsso credencia as pessoas que t\u00eam essa patente a serem vistas como especialistas nesta tem\u00e1tica.\u201d explica Renno. \u00a0<\/p>\n<h2>Militar entende de seguran\u00e7a, logo\u2026<\/h2>\n<p>Para o professor Renno, as fun\u00e7\u00f5es desempenhadas por um militar s\u00e3o bastante diferentes das de um pol\u00edtico. Mas a contribui\u00e7\u00e3o proposta por muitos para o aumento da seguran\u00e7a tem uma rela\u00e7\u00e3o coerente. O professor ainda faz uma outra avalia\u00e7\u00e3o sobre o crescimento dessas candidaturas.\u00a0<\/p>\n<p>\u201cUma politiza\u00e7\u00e3o crescente das for\u00e7as militares no Brasil, em todas as inst\u00e2ncias \u2014 seja de seguran\u00e7a p\u00fablica seja de for\u00e7as armadas \u2014 que obviamente n\u00f3s temos o exemplo maior disso no Jair Bolsonaro\u201d , analisa Renno.<\/p>\n<p>O professor complementa. \u201cA presen\u00e7a de Bolsonaro na pol\u00edtica brasileira como capit\u00e3o, certamente estimula os colegas das for\u00e7as armadas, pol\u00edcias civil, das for\u00e7as de seguran\u00e7a, a seguirem o mesmo caminho.\u201d\u00a0<\/p>\n<h2>2020: o ano dos militares\u00a0<\/h2>\n<p>As elei\u00e7\u00f5es municipais de 2020 registraram um recorde no n\u00famero absoluto de candidaturas com patentes militares. Ao todo, foram 1.663 candidatos que usaram alguma patente militar junto do seu nome principal.\u00a0<\/p>\n<p>Moradora do Distrito federal, onde n\u00e3o h\u00e1 elei\u00e7\u00f5es para prefeito, mas onde houve candidaturas de militares para deputado federal em 2022, a advogada Karla Oliveira escolheu um candidato da PM.<\/p>\n<p>\u201cSeguran\u00e7a p\u00fablica \u00e9 infraestrutura, cal\u00e7amento, ilumina\u00e7\u00e3o, recolhimento adequado de lixo, \u00e9 aus\u00eancia de picha\u00e7\u00e3o. Ent\u00e3o quando a gente faz um espelhamento em rela\u00e7\u00e3o a nossa situa\u00e7\u00e3o pol\u00edtica em escolher um militar para ocupar cargos pol\u00edticos, a gente sabe que essa pessoa tem uma compet\u00eancia ampla para verificar a gest\u00e3o das pol\u00edticas p\u00fablicas a t\u00edtulo de seguran\u00e7a p\u00fablica no seu sentido mais amplo.\u201d<\/p>\n<p>Lembrando que as pr\u00f3ximas elei\u00e7\u00f5es para prefeito e vereador acontecem em primeiro turno no dia 6 de outubro e em segundo turno no dia 27.<\/p>\n<p>\t\t\t\t\t\t\t\t\t<img loading=\"lazy\" decoding=\"async\" src=\"https:\/\/brasil61.com\/api\/v1\/serve_pixel\/17677\/74729\" alt=\"Pixel Brasil 61\" class=\"b61_pixel\" width=\"0\" height=\"0\"><\/p>\n<input type=\"hidden\" id=\"baseurl\" value=\"https:\/\/noticiasdestaque.com.br\"><input type=\"hidden\" id=\"audio_nonce\" value=\"6a24ca502e\">","protected":false},"excerpt":{"rendered":"<p>Ritmo de crescimento de candidaturas com patentes militares \u00e9 5 vezes mais que o ritmo de crescimento do total de candidaturas nas elei\u00e7\u00f5es municipais<\/p>\n","protected":false},"author":1,"featured_media":37996,"comment_status":"open","ping_status":"open","sticky":false,"template":"","format":"standard","meta":{"fifu_image_url":"","fifu_image_alt":"","footnotes":""},"categories":[50],"tags":[],"class_list":["post-37995","post","type-post","status-publish","format-standard","has-post-thumbnail","hentry","category-politica"],"distributor_meta":false,"distributor_terms":false,"distributor_media":false,"distributor_original_site_name":"Noticias em Destaque","distributor_original_site_url":"https:\/\/noticiasdestaque.com.br","push-errors":false,"_links":{"self":[{"href":"https:\/\/noticiasdestaque.com.br\/index.php\/wp-json\/wp\/v2\/posts\/37995","targetHints":{"allow":["GET"]}}],"collection":[{"href":"https:\/\/noticiasdestaque.com.br\/index.php\/wp-json\/wp\/v2\/posts"}],"about":[{"href":"https:\/\/noticiasdestaque.com.br\/index.php\/wp-json\/wp\/v2\/types\/post"}],"author":[{"embeddable":true,"href":"https:\/\/noticiasdestaque.com.br\/index.php\/wp-json\/wp\/v2\/users\/1"}],"replies":[{"embeddable":true,"href":"https:\/\/noticiasdestaque.com.br\/index.php\/wp-json\/wp\/v2\/comments?post=37995"}],"version-history":[{"count":0,"href":"https:\/\/noticiasdestaque.com.br\/index.php\/wp-json\/wp\/v2\/posts\/37995\/revisions"}],"wp:featuredmedia":[{"embeddable":true,"href":"https:\/\/noticiasdestaque.com.br\/index.php\/wp-json\/wp\/v2\/media\/37996"}],"wp:attachment":[{"href":"https:\/\/noticiasdestaque.com.br\/index.php\/wp-json\/wp\/v2\/media?parent=37995"}],"wp:term":[{"taxonomy":"category","embeddable":true,"href":"https:\/\/noticiasdestaque.com.br\/index.php\/wp-json\/wp\/v2\/categories?post=37995"},{"taxonomy":"post_tag","embeddable":true,"href":"https:\/\/noticiasdestaque.com.br\/index.php\/wp-json\/wp\/v2\/tags?post=37995"}],"curies":[{"name":"wp","href":"https:\/\/api.w.org\/{rel}","templated":true}]}}