{"id":37980,"date":"2024-09-06T13:44:00","date_gmt":"2024-09-06T13:44:00","guid":{"rendered":"https:\/\/noticiasdestaque.com.br\/index.php\/2024\/09\/06\/policia-federal-vai-investigar-denuncias-contra-silvio-almeida\/"},"modified":"2024-09-06T13:44:00","modified_gmt":"2024-09-06T13:44:00","slug":"policia-federal-vai-investigar-denuncias-contra-silvio-almeida","status":"publish","type":"post","link":"https:\/\/noticiasdestaque.com.br\/index.php\/2024\/09\/06\/policia-federal-vai-investigar-denuncias-contra-silvio-almeida\/","title":{"rendered":"Pol\u00edcia Federal vai investigar den\u00fancias contra Silvio Almeida"},"content":{"rendered":"<style> bloco.meta {font-style: italic; color: #666;font-weight: 600;font-size: .8em; \/* line-height: .3em; *\/}  text h2 { font-weight: 700 !important;  color: #062f46 !important;} text img { width: none; left: none;}<\/style>\n<\/p>\n<p>A Pol\u00edcia Federal (PF) informou nesta sexta-feira (6) que vai investigar as den\u00fancias de suposto ass\u00e9dio sexual contra o ministro dos Direitos Humanos e da Cidadania, Silvio Almeida. De acordo com a assessoria de imprensa da corpora\u00e7\u00e3o, mais informa\u00e7\u00f5es sobre o caso ser\u00e3o divulgadas em momento oportuno.<aimg src=\"https:\/\/aagenciabrasil.ebc.com.br\/ebc.apng?id=1610851 o=node\" style=\"width:1px; height:1px; display:inline;\"><\/aimg><aimg src=\"https:\/\/aagenciabrasil.ebc.com.br\/ebc.agif?id=1610851 o=node\" style=\"width:1px; height:1px; display:inline;\"><\/aimg><\/p>\n<p>Almeida j\u00e1 havia sido chamado na noite desta quinta-feira (5) para prestar esclarecimentos ao controlador-geral da Uni\u00e3o, Vin\u00edcius Carvalho, e ao advogado-geral da Uni\u00e3o, Jorge Messias, em raz\u00e3o das den\u00fancias publicadas pela imprensa. A <a href=\"https:\/\/agenciabrasil.ebc.com.br\/geral\/noticia\/2024-09\/governo-vai-investigar-denuncias-de-assedio-contra-silvio-almeida\" target=\"_blank\">convoca\u00e7\u00e3o foi confirmada<\/a> pela Secretaria de Comunica\u00e7\u00e3o Social da Presid\u00eancia da Rep\u00fablica (Secom).<\/p>\n<p>Em nota, a Secom informou que o pr\u00f3prio ministro ir\u00e1 encaminhar of\u00edcio \u00e0 Controladoria-Geral da Uni\u00e3o (CGU), ao Minist\u00e9rio da Justi\u00e7a e Seguran\u00e7a P\u00fablica e \u00e0 Procuradoria Geral da Rep\u00fablica (PGR) para que investiguem o caso. Ainda de acordo com a nota, a Comiss\u00e3o de \u00c9tica da Presid\u00eancia da Rep\u00fablica decidiu abrir procedimento para apurar as den\u00fancias.<\/p>\n<p>\u201cO governo federal reconhece a gravidade das den\u00fancias. O caso est\u00e1 sendo tratado com o rigor e a celeridade que situa\u00e7\u00f5es que envolvem poss\u00edveis viol\u00eancias contra as mulheres exigem\u201d, concluiu a secretaria.<\/p>\n<h2>Entenda<\/h2>\n<p>Uma reportagem do <em>site<\/em> Metr\u00f3poles publicada na tarde desta quinta-feira (5) afirma que Silvio Almeida foi denunciado \u00e0 organiza\u00e7\u00e3o Me Too Brasil por supostos epis\u00f3dios de ass\u00e9dio sexual contra mulheres. Segundo a mat\u00e9ria, a ministra da Igualdade Racial, Anielle Franco, estaria entre as v\u00edtimas do ministro.<\/p>\n<p>Em nota, a Me Too Brasil confirmou ter sido procurada por mulheres que relataram supostos epis\u00f3dios de ass\u00e9dio sexual praticados pelo ministro.<\/p>\n<p>\u201cA organiza\u00e7\u00e3o de defesa das mulheres v\u00edtimas de viol\u00eancia sexual, Me Too Brasil, confirma, com o consentimento das v\u00edtimas, que recebeu den\u00fancias de ass\u00e9dio sexual contra o ministro Silvio Almeida\u201d.<\/p>\n<p>At\u00e9 a manh\u00e3 desta sexta-feira (6), a ministra Anielle Franco n\u00e3o havia se manifestado sobre as den\u00fancias. Em seu perfil no Bluesky (plataforma semelhante ao X, ex-Twitter) e na rede social Instagram, a primeira-dama Janja Lula da Silva postou uma foto em que aparece beijando Anielle na testa. A imagem, entretanto, n\u00e3o acompanha nenhum tipo de legenda.<\/p>\n<h2>Defesa<\/h2>\n<p>Em nota divulgada \u00e0 imprensa, Silvio Almeida diz repudiar \u201ccom absoluta veem\u00eancia\u201d as acusa\u00e7\u00f5es, \u00e0s quais ele se referiu como \u201cmentiras\u201d e \u201cila\u00e7\u00f5es absurdas\u201d com o objetivo de prejudic\u00e1-lo.<\/p>\n<p>\u201cRepudio tais acusa\u00e7\u00f5es com a for\u00e7a do amor e do respeito que tenho pela minha esposa e pela minha amada filha de 1 ano de idade, em meio \u00e0 luta que travo, diariamente, em favor dos direitos humanos e da cidadania neste pa\u00eds\u201d.<\/p>\n<p>No comunicado, o ministro avaliou que \u201ctoda e qualquer den\u00fancia deve ter materialidade\u201d e se declarou triste com toda a situa\u00e7\u00e3o.<\/p>\n<p>\u201cD\u00f3i na alma. Mais uma vez, h\u00e1 um grupo querendo apagar e diminuir as nossas exist\u00eancias, imputando a mim condutas que eles praticam. Com isso, perde o Brasil, perde a pauta de direitos humanos, perde a igualdade racial e perde o povo brasileiro\u201d.<\/p>\n<p class=\"alt-font font-italic my-2 small text-info\">\n                                                Edi\u00e7\u00e3o:   Denise Griesinger                    <\/p>\n<p>            <!-- blog End --><\/p>\n<p>            <!-- tag and share --><\/p>\n<p> Fonte: EBC <\/p>\n<input type=\"hidden\" id=\"baseurl\" value=\"https:\/\/noticiasdestaque.com.br\"><input type=\"hidden\" id=\"audio_nonce\" value=\"6f73a554f1\">","protected":false},"excerpt":{"rendered":"<p>Ministro dos Direitos Humanos \u00e9 alvo de acusa\u00e7\u00e3o de ass\u00e9dio sexual<\/p>\n","protected":false},"author":1,"featured_media":37982,"comment_status":"open","ping_status":"open","sticky":false,"template":"","format":"standard","meta":{"fifu_image_url":"","fifu_image_alt":"","footnotes":""},"categories":[1],"tags":[106],"class_list":["post-37980","post","type-post","status-publish","format-standard","has-post-thumbnail","hentry","category-uncategorized","tag-brunna-pareja"],"distributor_meta":false,"distributor_terms":false,"distributor_media":false,"distributor_original_site_name":"Noticias em Destaque","distributor_original_site_url":"https:\/\/noticiasdestaque.com.br","push-errors":false,"_links":{"self":[{"href":"https:\/\/noticiasdestaque.com.br\/index.php\/wp-json\/wp\/v2\/posts\/37980","targetHints":{"allow":["GET"]}}],"collection":[{"href":"https:\/\/noticiasdestaque.com.br\/index.php\/wp-json\/wp\/v2\/posts"}],"about":[{"href":"https:\/\/noticiasdestaque.com.br\/index.php\/wp-json\/wp\/v2\/types\/post"}],"author":[{"embeddable":true,"href":"https:\/\/noticiasdestaque.com.br\/index.php\/wp-json\/wp\/v2\/users\/1"}],"replies":[{"embeddable":true,"href":"https:\/\/noticiasdestaque.com.br\/index.php\/wp-json\/wp\/v2\/comments?post=37980"}],"version-history":[{"count":1,"href":"https:\/\/noticiasdestaque.com.br\/index.php\/wp-json\/wp\/v2\/posts\/37980\/revisions"}],"predecessor-version":[{"id":37981,"href":"https:\/\/noticiasdestaque.com.br\/index.php\/wp-json\/wp\/v2\/posts\/37980\/revisions\/37981"}],"wp:featuredmedia":[{"embeddable":true,"href":"https:\/\/noticiasdestaque.com.br\/index.php\/wp-json\/wp\/v2\/media\/37982"}],"wp:attachment":[{"href":"https:\/\/noticiasdestaque.com.br\/index.php\/wp-json\/wp\/v2\/media?parent=37980"}],"wp:term":[{"taxonomy":"category","embeddable":true,"href":"https:\/\/noticiasdestaque.com.br\/index.php\/wp-json\/wp\/v2\/categories?post=37980"},{"taxonomy":"post_tag","embeddable":true,"href":"https:\/\/noticiasdestaque.com.br\/index.php\/wp-json\/wp\/v2\/tags?post=37980"}],"curies":[{"name":"wp","href":"https:\/\/api.w.org\/{rel}","templated":true}]}}