{"id":37956,"date":"2024-09-05T18:00:00","date_gmt":"2024-09-05T21:00:00","guid":{"rendered":"https:\/\/noticiasdestaque.com.br\/index.php\/2024\/09\/05\/previsao-do-tempo-alertas-para-declinio-de-temperaturas-e-vendaval-em-regioes-de-sao-paulo\/"},"modified":"2024-09-05T18:00:00","modified_gmt":"2024-09-05T21:00:00","slug":"previsao-do-tempo-alertas-para-declinio-de-temperaturas-e-vendaval-em-regioes-de-sao-paulo","status":"publish","type":"post","link":"https:\/\/noticiasdestaque.com.br\/index.php\/2024\/09\/05\/previsao-do-tempo-alertas-para-declinio-de-temperaturas-e-vendaval-em-regioes-de-sao-paulo\/","title":{"rendered":"PREVIS\u00c3O DO TEMPO: alertas para decl\u00ednio de temperaturas e vendaval em regi\u00f5es de S\u00e3o Paulo"},"content":{"rendered":"<p>\t\t\t\t\t\t\t\t\t\t<audio controls class=\"b61_audio_player\" data-noticia=\"75673\" src=\"https:\/\/brasil61.com\/rails\/active_storage\/blobs\/eyJfcmFpbHMiOnsibWVzc2FnZSI6IkJBaHBBN1A3QWc9PSIsImV4cCI6bnVsbCwicHVyIjoiYmxvYl9pZCJ9fQ==--cc06c8f20453ddea0da9bfcf05466b0c03861f7f\/PTSD243798A\"><\/audio><\/p>\n<p>Nesta sexta-feira (6), o Instituto Nacional de Meteorologia (Inmet) alerta para perigo potencial de decl\u00ednio de temperaturas em todo o estado de S\u00e3o Paulo, em cidades como Tabo\u00e3o da Serra, Santos e Paraibuna.<\/p>\n<p>Tamb\u00e9m h\u00e1 alerta para vendaval em Campinas, Bauru, Piracicaba, Itapetininga, Macro Metropolitana, Araraquara, Vale do Para\u00edba, Metropolitana de S\u00e3o Paulo, Assis, Ribeir\u00e3o Preto e Litoral Sul Paulista.\u00a0<\/p>\n<p>O dia come\u00e7a com possibilidade de chuva no Litoral Sul Paulista, Vale do Para\u00edba Paulista, Macro Metropolitana Paulista, Metropolitana de S\u00e3o Paulo, Itapetininga, Assis, Campinas e Piracicaba.\u00a0<\/p>\n<p>Durante a tarde e \u00e0 noite, as chuvas se concentram no Vale do Para\u00edba, Metropolitana de S\u00e3o Paulo e Macro Metropolitana.\u00a0<br \/>\nA temperatura m\u00ednima fica em torno de 12\u00b0C, em S\u00e3o Bento do Sapuca\u00ed, e a m\u00e1xima prevista \u00e9 de 40\u00baC, em Paulo de Faria. A umidade relativa do ar varia entre 50% e 100%.<\/p>\n<p>As informa\u00e7\u00f5es s\u00e3o do Instituto Nacional de Meteorologia.<br \/>\n\u00a0<\/p>\n<p>\t\t\t\t\t\t\t\t\t<img loading=\"lazy\" decoding=\"async\" src=\"https:\/\/brasil61.com\/api\/v1\/serve_pixel\/17677\/75673\" alt=\"Pixel Brasil 61\" class=\"b61_pixel\" width=\"0\" height=\"0\"><\/p>\n<input type=\"hidden\" id=\"baseurl\" value=\"https:\/\/noticiasdestaque.com.br\"><input type=\"hidden\" id=\"audio_nonce\" value=\"6f73a554f1\">","protected":false},"excerpt":{"rendered":"<p>A temperatura pode variar entre 12\u00baC e 40\u00baC<\/p>\n","protected":false},"author":1,"featured_media":37957,"comment_status":"open","ping_status":"open","sticky":false,"template":"","format":"standard","meta":{"fifu_image_url":"","fifu_image_alt":"","footnotes":""},"categories":[58],"tags":[],"class_list":["post-37956","post","type-post","status-publish","format-standard","has-post-thumbnail","hentry","category-cotidiano"],"distributor_meta":false,"distributor_terms":false,"distributor_media":false,"distributor_original_site_name":"Noticias em Destaque","distributor_original_site_url":"https:\/\/noticiasdestaque.com.br","push-errors":false,"_links":{"self":[{"href":"https:\/\/noticiasdestaque.com.br\/index.php\/wp-json\/wp\/v2\/posts\/37956","targetHints":{"allow":["GET"]}}],"collection":[{"href":"https:\/\/noticiasdestaque.com.br\/index.php\/wp-json\/wp\/v2\/posts"}],"about":[{"href":"https:\/\/noticiasdestaque.com.br\/index.php\/wp-json\/wp\/v2\/types\/post"}],"author":[{"embeddable":true,"href":"https:\/\/noticiasdestaque.com.br\/index.php\/wp-json\/wp\/v2\/users\/1"}],"replies":[{"embeddable":true,"href":"https:\/\/noticiasdestaque.com.br\/index.php\/wp-json\/wp\/v2\/comments?post=37956"}],"version-history":[{"count":0,"href":"https:\/\/noticiasdestaque.com.br\/index.php\/wp-json\/wp\/v2\/posts\/37956\/revisions"}],"wp:featuredmedia":[{"embeddable":true,"href":"https:\/\/noticiasdestaque.com.br\/index.php\/wp-json\/wp\/v2\/media\/37957"}],"wp:attachment":[{"href":"https:\/\/noticiasdestaque.com.br\/index.php\/wp-json\/wp\/v2\/media?parent=37956"}],"wp:term":[{"taxonomy":"category","embeddable":true,"href":"https:\/\/noticiasdestaque.com.br\/index.php\/wp-json\/wp\/v2\/categories?post=37956"},{"taxonomy":"post_tag","embeddable":true,"href":"https:\/\/noticiasdestaque.com.br\/index.php\/wp-json\/wp\/v2\/tags?post=37956"}],"curies":[{"name":"wp","href":"https:\/\/api.w.org\/{rel}","templated":true}]}}