{"id":37904,"date":"2024-09-04T18:00:00","date_gmt":"2024-09-04T21:00:00","guid":{"rendered":"https:\/\/noticiasdestaque.com.br\/index.php\/2024\/09\/04\/previsao-do-tempo-quinta-feira-5-com-chuvas-a-noite-em-regioes-do-rj\/"},"modified":"2024-09-04T18:00:00","modified_gmt":"2024-09-04T21:00:00","slug":"previsao-do-tempo-quinta-feira-5-com-chuvas-a-noite-em-regioes-do-rj","status":"publish","type":"post","link":"https:\/\/noticiasdestaque.com.br\/index.php\/2024\/09\/04\/previsao-do-tempo-quinta-feira-5-com-chuvas-a-noite-em-regioes-do-rj\/","title":{"rendered":"PREVIS\u00c3O DO TEMPO: quinta-feira (5) com chuvas \u00e0 noite em regi\u00f5es do RJ"},"content":{"rendered":"<p>\t\t\t\t\t\t\t\t\t\t<audio controls class=\"b61_audio_player\" data-noticia=\"75506\" src=\"https:\/\/brasil61.com\/rails\/active_storage\/blobs\/eyJfcmFpbHMiOnsibWVzc2FnZSI6IkJBaHBBOFQ2QWc9PSIsImV4cCI6bnVsbCwicHVyIjoiYmxvYl9pZCJ9fQ==--c4191512cbe8bf73c5ffaf793ae80bc5424855e1\/PTSD243795A\"><\/audio><\/p>\n<p>Nesta quinta-feira (5), h\u00e1 previs\u00e3o de chuvas durante a noite apenas no sul fluminense e Metropolitana do Rio de Janeiro. Durante a manh\u00e3 e \u00e0 tarde, varia\u00e7\u00e3o de nuvens e sem chuvas em todo o estado, em cidades como Paracambi, Cantagalo e Cabo Frio.<\/p>\n<p>A previs\u00e3o do sudeste feita pelo Inmet para setembro indica chuvas pr\u00f3ximas ou abaixo da m\u00e9dia, beneficiando a matura\u00e7\u00e3o e colheita de milho e trigo. No entanto, a falta de chuvas pode afetar as lavouras de trigo durante o enchimento de gr\u00e3os em S\u00e3o Paulo e Minas Gerais.<\/p>\n<p>A temperatura m\u00ednima fica em torno de 9\u00b0C, em Resende, e a m\u00e1xima prevista \u00e9 de 24\u00baC, em S\u00e3o Francisco do Itabapoana. A umidade relativa do ar varia entre 30% e 100%.<\/p>\n<p>As informa\u00e7\u00f5es s\u00e3o do Instituto Nacional de Meteorologia.<br \/>\n\u00a0<\/p>\n<p>\t\t\t\t\t\t\t\t\t<img loading=\"lazy\" decoding=\"async\" src=\"https:\/\/brasil61.com\/api\/v1\/serve_pixel\/17677\/75506\" alt=\"Pixel Brasil 61\" class=\"b61_pixel\" width=\"0\" height=\"0\"><\/p>\n<input type=\"hidden\" id=\"baseurl\" value=\"https:\/\/noticiasdestaque.com.br\"><input type=\"hidden\" id=\"audio_nonce\" value=\"6f73a554f1\">","protected":false},"excerpt":{"rendered":"<p>A temperatura pode variar entre 9\u00baC e 24\u00baC<\/p>\n","protected":false},"author":1,"featured_media":37905,"comment_status":"open","ping_status":"open","sticky":false,"template":"","format":"standard","meta":{"fifu_image_url":"","fifu_image_alt":"","footnotes":""},"categories":[58],"tags":[],"class_list":["post-37904","post","type-post","status-publish","format-standard","has-post-thumbnail","hentry","category-cotidiano"],"distributor_meta":false,"distributor_terms":false,"distributor_media":false,"distributor_original_site_name":"Noticias em Destaque","distributor_original_site_url":"https:\/\/noticiasdestaque.com.br","push-errors":false,"_links":{"self":[{"href":"https:\/\/noticiasdestaque.com.br\/index.php\/wp-json\/wp\/v2\/posts\/37904","targetHints":{"allow":["GET"]}}],"collection":[{"href":"https:\/\/noticiasdestaque.com.br\/index.php\/wp-json\/wp\/v2\/posts"}],"about":[{"href":"https:\/\/noticiasdestaque.com.br\/index.php\/wp-json\/wp\/v2\/types\/post"}],"author":[{"embeddable":true,"href":"https:\/\/noticiasdestaque.com.br\/index.php\/wp-json\/wp\/v2\/users\/1"}],"replies":[{"embeddable":true,"href":"https:\/\/noticiasdestaque.com.br\/index.php\/wp-json\/wp\/v2\/comments?post=37904"}],"version-history":[{"count":0,"href":"https:\/\/noticiasdestaque.com.br\/index.php\/wp-json\/wp\/v2\/posts\/37904\/revisions"}],"wp:featuredmedia":[{"embeddable":true,"href":"https:\/\/noticiasdestaque.com.br\/index.php\/wp-json\/wp\/v2\/media\/37905"}],"wp:attachment":[{"href":"https:\/\/noticiasdestaque.com.br\/index.php\/wp-json\/wp\/v2\/media?parent=37904"}],"wp:term":[{"taxonomy":"category","embeddable":true,"href":"https:\/\/noticiasdestaque.com.br\/index.php\/wp-json\/wp\/v2\/categories?post=37904"},{"taxonomy":"post_tag","embeddable":true,"href":"https:\/\/noticiasdestaque.com.br\/index.php\/wp-json\/wp\/v2\/tags?post=37904"}],"curies":[{"name":"wp","href":"https:\/\/api.w.org\/{rel}","templated":true}]}}