{"id":37902,"date":"2024-09-04T18:00:00","date_gmt":"2024-09-04T21:00:00","guid":{"rendered":"https:\/\/noticiasdestaque.com.br\/index.php\/2024\/09\/04\/previsao-do-tempo-em-sp-alertas-para-onda-de-calor-declinio-de-temperaturas-e-tempestades\/"},"modified":"2024-09-04T18:00:00","modified_gmt":"2024-09-04T21:00:00","slug":"previsao-do-tempo-em-sp-alertas-para-onda-de-calor-declinio-de-temperaturas-e-tempestades","status":"publish","type":"post","link":"https:\/\/noticiasdestaque.com.br\/index.php\/2024\/09\/04\/previsao-do-tempo-em-sp-alertas-para-onda-de-calor-declinio-de-temperaturas-e-tempestades\/","title":{"rendered":"PREVIS\u00c3O DO TEMPO: em SP, alertas para onda de calor, decl\u00ednio de temperaturas e tempestades"},"content":{"rendered":"<p>\t\t\t\t\t\t\t\t\t\t<audio controls class=\"b61_audio_player\" data-noticia=\"75505\" src=\"https:\/\/brasil61.com\/rails\/active_storage\/blobs\/eyJfcmFpbHMiOnsibWVzc2FnZSI6IkJBaHBBOGY2QWc9PSIsImV4cCI6bnVsbCwicHVyIjoiYmxvYl9pZCJ9fQ==--8f0af1d3914aae10edc14254aa3a83fbbb1d6826\/PTSD243794A\"><\/audio><\/p>\n<p>Nesta quinta-feira (5), o Instituto Nacional de Meteorologia (Inmet) alerta para perigo de onda de calor em Presidente Prudente, S\u00e3o Jos\u00e9 do Rio Preto, Campinas, Piracicaba, Bauru, Ribeir\u00e3o Preto, Ara\u00e7atuba, Mar\u00edlia, Araraquara, Vale do Para\u00edba e Macro Metropolitana Paulista.\u00a0<\/p>\n<p>Tamb\u00e9m h\u00e1 alerta para decl\u00ednio de temperaturas em Bauru, Itapetininga, Presidente Prudente, Mar\u00edlia, Macro Metropolitana, Assis, Litoral Sul e Metropolitana de S\u00e3o Paulo.<\/p>\n<p>O \u00faltimo alerta \u00e9 para tempestades em Bauru, Itapetininga, Presidente Prudente, Assis, Litoral Sul, Mar\u00edlia e Macro Metropolitana Paulista.<\/p>\n<p>A previs\u00e3o \u00e9 de chuvas no Vale do Para\u00edba, Litoral Sul e Metropolitana de S\u00e3o Paulo. Nas demais regi\u00f5es, varia\u00e7\u00e3o de nuvens.<\/p>\n<p>A temperatura m\u00ednima fica em torno de 10\u00b0C, em Ribeir\u00e3o Branco, e a m\u00e1xima prevista \u00e9 de 28\u00baC, em Santa Albertina. A umidade relativa do ar varia entre 45% e 90%.<\/p>\n<p>As informa\u00e7\u00f5es s\u00e3o do Instituto Nacional de Meteorologia.<\/p>\n<p>\u00a0<\/p>\n<p>\t\t\t\t\t\t\t\t\t<img loading=\"lazy\" decoding=\"async\" src=\"https:\/\/brasil61.com\/api\/v1\/serve_pixel\/17677\/75505\" alt=\"Pixel Brasil 61\" class=\"b61_pixel\" width=\"0\" height=\"0\"><\/p>\n<input type=\"hidden\" id=\"baseurl\" value=\"https:\/\/noticiasdestaque.com.br\"><input type=\"hidden\" id=\"audio_nonce\" value=\"6f73a554f1\">","protected":false},"excerpt":{"rendered":"<p>A temperatura pode variar entre 10\u00baC e 28\u00baC<\/p>\n","protected":false},"author":1,"featured_media":37903,"comment_status":"open","ping_status":"open","sticky":false,"template":"","format":"standard","meta":{"fifu_image_url":"","fifu_image_alt":"","footnotes":""},"categories":[58],"tags":[],"class_list":["post-37902","post","type-post","status-publish","format-standard","has-post-thumbnail","hentry","category-cotidiano"],"distributor_meta":false,"distributor_terms":false,"distributor_media":false,"distributor_original_site_name":"Noticias em Destaque","distributor_original_site_url":"https:\/\/noticiasdestaque.com.br","push-errors":false,"_links":{"self":[{"href":"https:\/\/noticiasdestaque.com.br\/index.php\/wp-json\/wp\/v2\/posts\/37902","targetHints":{"allow":["GET"]}}],"collection":[{"href":"https:\/\/noticiasdestaque.com.br\/index.php\/wp-json\/wp\/v2\/posts"}],"about":[{"href":"https:\/\/noticiasdestaque.com.br\/index.php\/wp-json\/wp\/v2\/types\/post"}],"author":[{"embeddable":true,"href":"https:\/\/noticiasdestaque.com.br\/index.php\/wp-json\/wp\/v2\/users\/1"}],"replies":[{"embeddable":true,"href":"https:\/\/noticiasdestaque.com.br\/index.php\/wp-json\/wp\/v2\/comments?post=37902"}],"version-history":[{"count":0,"href":"https:\/\/noticiasdestaque.com.br\/index.php\/wp-json\/wp\/v2\/posts\/37902\/revisions"}],"wp:featuredmedia":[{"embeddable":true,"href":"https:\/\/noticiasdestaque.com.br\/index.php\/wp-json\/wp\/v2\/media\/37903"}],"wp:attachment":[{"href":"https:\/\/noticiasdestaque.com.br\/index.php\/wp-json\/wp\/v2\/media?parent=37902"}],"wp:term":[{"taxonomy":"category","embeddable":true,"href":"https:\/\/noticiasdestaque.com.br\/index.php\/wp-json\/wp\/v2\/categories?post=37902"},{"taxonomy":"post_tag","embeddable":true,"href":"https:\/\/noticiasdestaque.com.br\/index.php\/wp-json\/wp\/v2\/tags?post=37902"}],"curies":[{"name":"wp","href":"https:\/\/api.w.org\/{rel}","templated":true}]}}