{"id":37848,"date":"2024-09-04T18:00:00","date_gmt":"2024-09-04T21:00:00","guid":{"rendered":"https:\/\/noticiasdestaque.com.br\/index.php\/2024\/09\/04\/previsao-do-tempo-quinta-feira-5-com-alerta-para-tempestades-declinio-de-temperatura-e-ventos-costeiros-no-parana\/"},"modified":"2024-09-04T18:00:00","modified_gmt":"2024-09-04T21:00:00","slug":"previsao-do-tempo-quinta-feira-5-com-alerta-para-tempestades-declinio-de-temperatura-e-ventos-costeiros-no-parana","status":"publish","type":"post","link":"https:\/\/noticiasdestaque.com.br\/index.php\/2024\/09\/04\/previsao-do-tempo-quinta-feira-5-com-alerta-para-tempestades-declinio-de-temperatura-e-ventos-costeiros-no-parana\/","title":{"rendered":"PREVIS\u00c3O DO TEMPO: quinta-feira (5) com alerta para tempestades, decl\u00ednio de temperatura e ventos costeiros no Paran\u00e1"},"content":{"rendered":"<p>\t\t\t\t\t\t\t\t\t\t<audio controls class=\"b61_audio_player\" data-noticia=\"75422\" src=\"https:\/\/brasil61.com\/rails\/active_storage\/blobs\/eyJfcmFpbHMiOnsibWVzc2FnZSI6IkJBaHBBNnI2QWc9PSIsImV4cCI6bnVsbCwicHVyIjoiYmxvYl9pZCJ9fQ==--bb03122b9f4fcac8d57e3e18c3609ddf1e2cdf33\/PTRS243680A\"><\/audio><\/p>\n<p>Nesta quinta-feira (5), o Instituto Nacional de Meteorologia (Inmet) alerta para perigo potencial de tempestades e decl\u00ednio de temperaturas em todo o Paran\u00e1, atingindo cidades como S\u00e3o Jorge do Iva\u00ed, Pato Branco e Santo Ant\u00f4nio da Platina.<\/p>\n<p>Tamb\u00e9m h\u00e1 alerta para perigo potencial de ventos costeiros na regi\u00e3o litor\u00e2nea do Paran\u00e1.<\/p>\n<p>A previs\u00e3o \u00e9 de manh\u00e3 chuvosa em todo o estado, com varia\u00e7\u00e3o de nuvens durante a tarde e \u00e0 noite.\u00a0<\/p>\n<p>A temperatura m\u00ednima fica em torno de 6\u00b0C, em General Carneiro, e a m\u00e1xima prevista \u00e9 de 37\u00baC, em Alvorada do Sul. A umidade relativa do ar varia entre 70% e 95%.<\/p>\n<p>As informa\u00e7\u00f5es s\u00e3o do Instituto Nacional de Meteorologia.<br \/>\n\u00a0<\/p>\n<p>\t\t\t\t\t\t\t\t\t<img loading=\"lazy\" decoding=\"async\" src=\"https:\/\/brasil61.com\/api\/v1\/serve_pixel\/17677\/75422\" alt=\"Pixel Brasil 61\" class=\"b61_pixel\" width=\"0\" height=\"0\"><\/p>\n<input type=\"hidden\" id=\"baseurl\" value=\"https:\/\/noticiasdestaque.com.br\"><input type=\"hidden\" id=\"audio_nonce\" value=\"6f73a554f1\">","protected":false},"excerpt":{"rendered":"<p>A temperatura pode variar entre 6\u00baC e 37\u00baC<\/p>\n","protected":false},"author":1,"featured_media":37849,"comment_status":"open","ping_status":"open","sticky":false,"template":"","format":"standard","meta":{"fifu_image_url":"","fifu_image_alt":"","footnotes":""},"categories":[58],"tags":[],"class_list":["post-37848","post","type-post","status-publish","format-standard","has-post-thumbnail","hentry","category-cotidiano"],"distributor_meta":false,"distributor_terms":false,"distributor_media":false,"distributor_original_site_name":"Noticias em Destaque","distributor_original_site_url":"https:\/\/noticiasdestaque.com.br","push-errors":false,"_links":{"self":[{"href":"https:\/\/noticiasdestaque.com.br\/index.php\/wp-json\/wp\/v2\/posts\/37848","targetHints":{"allow":["GET"]}}],"collection":[{"href":"https:\/\/noticiasdestaque.com.br\/index.php\/wp-json\/wp\/v2\/posts"}],"about":[{"href":"https:\/\/noticiasdestaque.com.br\/index.php\/wp-json\/wp\/v2\/types\/post"}],"author":[{"embeddable":true,"href":"https:\/\/noticiasdestaque.com.br\/index.php\/wp-json\/wp\/v2\/users\/1"}],"replies":[{"embeddable":true,"href":"https:\/\/noticiasdestaque.com.br\/index.php\/wp-json\/wp\/v2\/comments?post=37848"}],"version-history":[{"count":0,"href":"https:\/\/noticiasdestaque.com.br\/index.php\/wp-json\/wp\/v2\/posts\/37848\/revisions"}],"wp:featuredmedia":[{"embeddable":true,"href":"https:\/\/noticiasdestaque.com.br\/index.php\/wp-json\/wp\/v2\/media\/37849"}],"wp:attachment":[{"href":"https:\/\/noticiasdestaque.com.br\/index.php\/wp-json\/wp\/v2\/media?parent=37848"}],"wp:term":[{"taxonomy":"category","embeddable":true,"href":"https:\/\/noticiasdestaque.com.br\/index.php\/wp-json\/wp\/v2\/categories?post=37848"},{"taxonomy":"post_tag","embeddable":true,"href":"https:\/\/noticiasdestaque.com.br\/index.php\/wp-json\/wp\/v2\/tags?post=37848"}],"curies":[{"name":"wp","href":"https:\/\/api.w.org\/{rel}","templated":true}]}}