{"id":37840,"date":"2024-09-04T03:00:00","date_gmt":"2024-09-04T06:00:00","guid":{"rendered":"https:\/\/noticiasdestaque.com.br\/index.php\/2024\/09\/04\/orcamento-2025-minimo-a-r-1-059-e-destaque-do-projeto\/"},"modified":"2024-09-04T03:00:00","modified_gmt":"2024-09-04T06:00:00","slug":"orcamento-2025-minimo-a-r-1-059-e-destaque-do-projeto","status":"publish","type":"post","link":"https:\/\/noticiasdestaque.com.br\/index.php\/2024\/09\/04\/orcamento-2025-minimo-a-r-1-059-e-destaque-do-projeto\/","title":{"rendered":"Or\u00e7amento 2025: m\u00ednimo a R$ 1.059 \u00e9 destaque do Projeto"},"content":{"rendered":"<p>\t\t\t\t\t\t\t\t\t\t<audio controls class=\"b61_audio_player\" data-noticia=\"75355\" src=\"https:\/\/brasil61.com\/rails\/active_storage\/blobs\/eyJfcmFpbHMiOnsibWVzc2FnZSI6IkJBaHBBeUg2QWc9PSIsImV4cCI6bnVsbCwicHVyIjoiYmxvYl9pZCJ9fQ==--65f271474dbeb8af4ccdffe514f2fdecf84eba83\/BRAS2412572A\"><\/audio><\/p>\n<p>\nJ\u00e1 est\u00e1 no Congresso Nacional e precisa ser votado em plen\u00e1rio at\u00e9 o fim do ano o Projeto de Lei Or\u00e7ament\u00e1ria Anual \u2014 PLOA 2025. Entre os destaques est\u00e3o o sal\u00e1rio m\u00ednimo previsto para ter aumento de 6,87% \u2014 chegando a R$ 1.509, e a mesma meta fiscal prevista para 2024 \u2014 de d\u00e9ficit zero.\u00a0<\/p>\n<p>Para todo o ano de 2025, o or\u00e7amento total previsto \u00e9 de R$ 5,87 trilh\u00f5es \u2014 R$ 2,77 trilh\u00f5es vem de despesas com a d\u00edvida p\u00fablica. No PLOA h\u00e1 previs\u00e3o de um aumento real de receitas de 5,78%, mas o crescimento real das despesas est\u00e1 limitado a 2,50%.\u00a0<\/p>\n<p>O aumento do m\u00ednimo, como pol\u00edtica de governo, tem impacto em toda a economia, avalia o economista Andr\u00e9 Galhardo, da An\u00e1lise Econ\u00f4mica de S\u00e3o Paulo. \u201cA gente tinha um processo de valoriza\u00e7\u00e3o do sal\u00e1rio m\u00ednimo e isso, no governo anterior, foi descontinuado.\u00a0Isso foi um problema, porque quando voc\u00ea s\u00f3 rep\u00f5e o reajuste do INPC, voc\u00ea acaba penalizando algumas regi\u00f5es.\u201d\u00a0<\/p>\n<p>Para Galhardo, a nova pol\u00edtica de valoriza\u00e7\u00e3o do m\u00ednimo \u00e9 uma forma de incentivar o crescimento. \u201cDe um modo geral, quando voc\u00ea adota um regime de n\u00e3o reajuste real, voc\u00ea est\u00e1 tirando o poder de compra de aposentados e pensionistas.\u201d\u00a0<\/p>\n<p><strong>Como ser\u00e1 a distribui\u00e7\u00e3o de recursos prevista para:<\/strong><\/p>\n<ul>\n<li>Minist\u00e9rio da Sa\u00fade: R$ 241,6 bilh\u00f5es<\/li>\n<li>Minist\u00e9rio da Educa\u00e7\u00e3o: R$ 200,5 bilh\u00f5es<\/li>\n<li>Piso de investimento: R$ 74,3 bilh\u00f5es<\/li>\n<li>Novo PAC: R$ 60,9 bilh\u00f5es<\/li>\n<li>Despesas obrigat\u00f3rias: R$ 2,71 trilh\u00f5es\u00a0<\/li>\n<li>Benef\u00edcios da Previd\u00eancia: R$ 1,01 trilh\u00e3o\u00a0<\/li>\n<li>Pessoal e encargos: R$ 416,2 bilh\u00f5es<\/li>\n<li>Bolsa Fam\u00edlia: R$ 167,2 bilh\u00f5es<\/li>\n<li>Transfer\u00eancias por Reparti\u00e7\u00e3o de Receita: R$ 558,7 bilh\u00f5es<\/li>\n<li>Despesas discricion\u00e1rias: R$ 229,9 bilh\u00f5es<\/li>\n<li>Discricion\u00e1rias do Poder Executivo: R$ 178,5 bilh\u00f5es<\/li>\n<li>Reserva para emendas parlamentares impositivas: R$ 38,9 bilh\u00f5es<\/li>\n<li>Discricion\u00e1rias dos outros poderes: R$ 12,4 bilh\u00f5es<\/li>\n<\/ul>\n<p>O que chama aten\u00e7\u00e3o neste projeto, na opini\u00e3o do especialista, \u00e9 o baixo volume de investimentos. Gasto que \u00e9 limitado pelo arcabou\u00e7o fiscal \u2014 que por mais um ano, tem estimativa de atingir o d\u00e9ficit zero.<\/p>\n<p>\u201cOs gastos discricion\u00e1rios, que s\u00e3o os gastos com investimentos, acabam ficando marginalizados e isso \u00e9 muito ruim para o Brasil, por que quantos gargalos a gente ainda precisa resolver? Qu\u00e3o distantes estamos de ter uma infraestrutura que seja condizente com o tamanho geogr\u00e1fico e econ\u00f4mico do Brasil?\u201d questiona o economista.<\/p>\n<h2>Teto de gastos<\/h2>\n<p>Conforme anunciado em julho passado, para cumprir o arcabou\u00e7o fiscal e zerar o d\u00e9ficit, os cortes em diversas \u00e1reas da economia j\u00e1 estavam previstos para o pr\u00f3ximo ano. Ser\u00e3o R$ 15 bilh\u00f5es contingenciados e grande parte desse valor na conta dos investimentos, como as obras do Programa Acelera\u00e7\u00e3o do Crescimento (PAC), que ter\u00e1 redu\u00e7\u00e3o de 4,5 bi.\u00a0<\/p>\n<p>A confirma\u00e7\u00e3o dos cortes no PLOA n\u00e3o caiu bem para muitos setores.\u00a0\u201cTem sido criticada por v\u00e1rias categorias, inclusive com amea\u00e7a de default em alguns servi\u00e7os prestados\u201d,\u00a0avalia o assessor de or\u00e7amento Cesar Lima.<\/p>\n<p><a href=\"https:\/\/brasil61.com\/n\/ministerio-da-saude-sera-o-principal-afetado-por-corte-de-r-15-bi-do-governo-bras2412272\">Minist\u00e9rio da Sa\u00fade ser\u00e1 o principal afetado por corte de R$ 15 bi do governo<\/a><\/p>\n<p><a href=\"https:\/\/brasil61.com\/n\/contingenciamento-de-r-15-bi-investimentos-serao-os-mais-afetados-bras2412200\">Contingenciamento de R$ 15 bi: investimentos ser\u00e3o os mais afetados<\/a><br \/>\n\u00a0<\/p>\n<h2>Cen\u00e1rio econ\u00f4mico<\/h2>\n<p>Entre as previs\u00f5es para o pr\u00f3ximo ano, est\u00e3o um crescimento econ\u00f4mico de 2,64% e a infla\u00e7\u00e3o de 3,3%. J\u00e1 a taxa b\u00e1sica de juros prevista deve cair dos atuais 10,50% ao ano para 9,61% no ano que vem. Cen\u00e1rio que bate parcialmente com as previs\u00f5es de mercado, avalia o economista Andr\u00e9 Galhardo.<\/p>\n<p>\u201cO crescimento parece bastante aderente em 2,6%, j\u00e1 a infla\u00e7\u00e3o eu estimo em 3,9%, um pouco acima do previsto. Ainda assim, essas duas previs\u00f5es jogam a favor do governo. Ele errar na infla\u00e7\u00e3o e no PIB \u00e9 bastante importante neste momento. Mais crescimento, mais infla\u00e7\u00e3o e mais arrecada\u00e7\u00e3o.\u201d \u00a0<\/p>\n<p>O projeto do Or\u00e7amento de 2025 vai ser analisado pela Comiss\u00e3o Mista de Or\u00e7amento. Em seguida, ser\u00e1 votado no Plen\u00e1rio do Congresso Nacional.<br \/>\n\u00a0<\/p>\n<p>\t\t\t\t\t\t\t\t\t<img loading=\"lazy\" decoding=\"async\" src=\"https:\/\/brasil61.com\/api\/v1\/serve_pixel\/17677\/75355\" alt=\"Pixel Brasil 61\" class=\"b61_pixel\" width=\"0\" height=\"0\"><\/p>\n<input type=\"hidden\" id=\"baseurl\" value=\"https:\/\/noticiasdestaque.com.br\"><input type=\"hidden\" id=\"audio_nonce\" value=\"6a24ca502e\">","protected":false},"excerpt":{"rendered":"<p>Aumento de 6,8% no m\u00ednimo, com ganho real, meta de resultado prim\u00e1rio zero e cumprimento de pisos est\u00e3o previstos no PLOA 2025<\/p>\n","protected":false},"author":1,"featured_media":37841,"comment_status":"open","ping_status":"open","sticky":false,"template":"","format":"standard","meta":{"fifu_image_url":"","fifu_image_alt":"","footnotes":""},"categories":[59],"tags":[],"class_list":["post-37840","post","type-post","status-publish","format-standard","has-post-thumbnail","hentry","category-economia"],"distributor_meta":false,"distributor_terms":false,"distributor_media":false,"distributor_original_site_name":"Noticias em Destaque","distributor_original_site_url":"https:\/\/noticiasdestaque.com.br","push-errors":false,"_links":{"self":[{"href":"https:\/\/noticiasdestaque.com.br\/index.php\/wp-json\/wp\/v2\/posts\/37840","targetHints":{"allow":["GET"]}}],"collection":[{"href":"https:\/\/noticiasdestaque.com.br\/index.php\/wp-json\/wp\/v2\/posts"}],"about":[{"href":"https:\/\/noticiasdestaque.com.br\/index.php\/wp-json\/wp\/v2\/types\/post"}],"author":[{"embeddable":true,"href":"https:\/\/noticiasdestaque.com.br\/index.php\/wp-json\/wp\/v2\/users\/1"}],"replies":[{"embeddable":true,"href":"https:\/\/noticiasdestaque.com.br\/index.php\/wp-json\/wp\/v2\/comments?post=37840"}],"version-history":[{"count":0,"href":"https:\/\/noticiasdestaque.com.br\/index.php\/wp-json\/wp\/v2\/posts\/37840\/revisions"}],"wp:featuredmedia":[{"embeddable":true,"href":"https:\/\/noticiasdestaque.com.br\/index.php\/wp-json\/wp\/v2\/media\/37841"}],"wp:attachment":[{"href":"https:\/\/noticiasdestaque.com.br\/index.php\/wp-json\/wp\/v2\/media?parent=37840"}],"wp:term":[{"taxonomy":"category","embeddable":true,"href":"https:\/\/noticiasdestaque.com.br\/index.php\/wp-json\/wp\/v2\/categories?post=37840"},{"taxonomy":"post_tag","embeddable":true,"href":"https:\/\/noticiasdestaque.com.br\/index.php\/wp-json\/wp\/v2\/tags?post=37840"}],"curies":[{"name":"wp","href":"https:\/\/api.w.org\/{rel}","templated":true}]}}