{"id":37834,"date":"2024-09-04T03:00:00","date_gmt":"2024-09-04T06:00:00","guid":{"rendered":"https:\/\/noticiasdestaque.com.br\/index.php\/2024\/09\/04\/proposta-em-tramitacao-no-congresso-retira-gastos-com-terceirizacao-dos-limites-de-despesas-com-pessoal\/"},"modified":"2024-09-04T03:00:00","modified_gmt":"2024-09-04T06:00:00","slug":"proposta-em-tramitacao-no-congresso-retira-gastos-com-terceirizacao-dos-limites-de-despesas-com-pessoal","status":"publish","type":"post","link":"https:\/\/noticiasdestaque.com.br\/index.php\/2024\/09\/04\/proposta-em-tramitacao-no-congresso-retira-gastos-com-terceirizacao-dos-limites-de-despesas-com-pessoal\/","title":{"rendered":"Proposta em tramita\u00e7\u00e3o no Congresso retira gastos com terceiriza\u00e7\u00e3o dos limites de despesas com pessoal"},"content":{"rendered":"<p>\t\t\t\t\t\t\t\t\t\t<audio controls class=\"b61_audio_player\" data-noticia=\"75290\" src=\"https:\/\/brasil61.com\/rails\/active_storage\/blobs\/eyJfcmFpbHMiOnsibWVzc2FnZSI6IkJBaHBBeFg2QWc9PSIsImV4cCI6bnVsbCwicHVyIjoiYmxvYl9pZCJ9fQ==--215823e727f5d769f58564ec1ceb0efe821b703a\/BRAS2412568A\"><\/audio><\/p>\n<p>O <a href=\"https:\/\/www.camara.leg.br\/proposicoesWeb\/fichadetramitacao?idProposicao=541855&amp;fichaAmigavel=nao\" target=\"_blank\" rel=\"noopener\">projeto de lei complementar<\/a> que retira dos limites de despesas com pessoal os gastos com terceiriza\u00e7\u00e3o e organiza\u00e7\u00f5es da sociedade civil acende um alerta para que gestores tomem melhores decis\u00f5es quanto ao uso dos recursos. A avalia\u00e7\u00e3o \u00e9 do especialista em or\u00e7amento p\u00fablico, Cesar Lima. Para ele, a medida abre pelo menos duas possibilidades de gest\u00e3o, que precisam ser bem avaliadas pelos governantes municipais.\u00a0<\/p>\n<p>\u201cEle pode ver isso como uma oportunidade de abrir espa\u00e7o para investimentos para o munic\u00edpio, porque quando ele diminui essa rela\u00e7\u00e3o receita corrente l\u00edquida\/pagamento de pessoal, ele melhora a capacidade de pagamento. Assim, ele fica melhor avaliado para tomar empr\u00e9stimos no mercado, no caso para fazer investimentos na cidade. Ou pode ter um lado ruim, de achar que \u00e9 um espa\u00e7o para colocar mais pessoas dentro da prefeitura\u201d, explica.<\/p>\n<p>Na avalia\u00e7\u00e3o do economista Renan Gomes de Pieri, essa medida permite aos gestores p\u00fablicos gerirem o or\u00e7amento de maneira mais flex\u00edvel. &#8220;Com o passar do tempo, novas formas contratuais com organiza\u00e7\u00f5es sociais, parcerias p\u00fablico-privadas e muitas formas de contratar funcion\u00e1rios tradicionais mudaram, passando a esse formato de terceiriza\u00e7\u00e3o. Ent\u00e3o, essa flexibilidade pode ser bem-vinda, dado que cada ente tem uma necessidade diferente&#8221;, destaca,<\/p>\n<p>A proposta, aprovada no \u00faltimo dia 28 de agosto, \u00e9 um substitutivo da deputada Nely Aquino (Pode-MG) para o Projeto de Lei Complementar (PLP) 164\/12, da deputada Elcione Barbalho (MDB-PA), mudando a Lei de Responsabilidade Fiscal.<\/p>\n<p>A medida pretende elevar o valor que pode ser gasto com despesas de pessoal dos \u00f3rg\u00e3os p\u00fablicos, uma vez que retira esses gastos do limite fixado em rela\u00e7\u00e3o \u00e0 receita corrente l\u00edquida (50% no caso da Uni\u00e3o, 60% para estados e munic\u00edpios).<\/p>\n<p>Pelos termos da proposta, esse tipo de despesa dever\u00e1 ser compreendido como \u201coutras despesas de pessoal\u201d na lista de exclus\u00f5es agora ampliada.<\/p>\n<h2>Confira as situa\u00e7\u00f5es abrangidas<\/h2>\n<ul>\n<li>quando a despesa se caracteriza como fomento p\u00fablico de atividades do terceiro setor por meio de subven\u00e7\u00f5es sociais; e<\/li>\n<li>presta\u00e7\u00e3o de servi\u00e7os por meio da contrata\u00e7\u00e3o de empresas, de organiza\u00e7\u00f5es sociais, de organiza\u00e7\u00f5es da sociedade civil, de cooperativas ou de cons\u00f3rcios p\u00fablicos.<\/li>\n<\/ul>\n<p>Pode-se entender como exemplo disso as companhias terceirizadas de limpeza urbana, contratos de gest\u00e3o hospitalar, entre outros. Agora, a proposta aguarda aprecia\u00e7\u00e3o pelo Senado Federal.<br \/>\n\u00a0<\/p>\n<p>\t\t\t\t\t\t\t\t\t<img loading=\"lazy\" decoding=\"async\" src=\"https:\/\/brasil61.com\/api\/v1\/serve_pixel\/17677\/75290\" alt=\"Pixel Brasil 61\" class=\"b61_pixel\" width=\"0\" height=\"0\"><\/p>\n<input type=\"hidden\" id=\"baseurl\" value=\"https:\/\/noticiasdestaque.com.br\"><input type=\"hidden\" id=\"audio_nonce\" value=\"6f73a554f1\">","protected":false},"excerpt":{"rendered":"<p>Para especialista, medida acende um alerta para que gestores municipais tomem melhores decis\u00f5es quanto ao uso dos recursos<\/p>\n","protected":false},"author":1,"featured_media":37835,"comment_status":"open","ping_status":"open","sticky":false,"template":"","format":"standard","meta":{"fifu_image_url":"","fifu_image_alt":"","footnotes":""},"categories":[59],"tags":[],"class_list":["post-37834","post","type-post","status-publish","format-standard","has-post-thumbnail","hentry","category-economia"],"distributor_meta":false,"distributor_terms":false,"distributor_media":false,"distributor_original_site_name":"Noticias em Destaque","distributor_original_site_url":"https:\/\/noticiasdestaque.com.br","push-errors":false,"_links":{"self":[{"href":"https:\/\/noticiasdestaque.com.br\/index.php\/wp-json\/wp\/v2\/posts\/37834","targetHints":{"allow":["GET"]}}],"collection":[{"href":"https:\/\/noticiasdestaque.com.br\/index.php\/wp-json\/wp\/v2\/posts"}],"about":[{"href":"https:\/\/noticiasdestaque.com.br\/index.php\/wp-json\/wp\/v2\/types\/post"}],"author":[{"embeddable":true,"href":"https:\/\/noticiasdestaque.com.br\/index.php\/wp-json\/wp\/v2\/users\/1"}],"replies":[{"embeddable":true,"href":"https:\/\/noticiasdestaque.com.br\/index.php\/wp-json\/wp\/v2\/comments?post=37834"}],"version-history":[{"count":0,"href":"https:\/\/noticiasdestaque.com.br\/index.php\/wp-json\/wp\/v2\/posts\/37834\/revisions"}],"wp:featuredmedia":[{"embeddable":true,"href":"https:\/\/noticiasdestaque.com.br\/index.php\/wp-json\/wp\/v2\/media\/37835"}],"wp:attachment":[{"href":"https:\/\/noticiasdestaque.com.br\/index.php\/wp-json\/wp\/v2\/media?parent=37834"}],"wp:term":[{"taxonomy":"category","embeddable":true,"href":"https:\/\/noticiasdestaque.com.br\/index.php\/wp-json\/wp\/v2\/categories?post=37834"},{"taxonomy":"post_tag","embeddable":true,"href":"https:\/\/noticiasdestaque.com.br\/index.php\/wp-json\/wp\/v2\/tags?post=37834"}],"curies":[{"name":"wp","href":"https:\/\/api.w.org\/{rel}","templated":true}]}}