{"id":37776,"date":"2024-09-02T18:00:00","date_gmt":"2024-09-02T21:00:00","guid":{"rendered":"https:\/\/noticiasdestaque.com.br\/index.php\/2024\/09\/02\/previsao-do-tempo-terca-feira-3-com-alerta-para-baixa-umidade-no-acre\/"},"modified":"2024-09-02T18:00:00","modified_gmt":"2024-09-02T21:00:00","slug":"previsao-do-tempo-terca-feira-3-com-alerta-para-baixa-umidade-no-acre","status":"publish","type":"post","link":"https:\/\/noticiasdestaque.com.br\/index.php\/2024\/09\/02\/previsao-do-tempo-terca-feira-3-com-alerta-para-baixa-umidade-no-acre\/","title":{"rendered":"PREVIS\u00c3O DO TEMPO: ter\u00e7a-feira (3) com alerta para baixa umidade no Acre"},"content":{"rendered":"<p>\t\t\t\t\t\t\t\t\t\t<audio controls class=\"b61_audio_player\" data-noticia=\"75243\" src=\"https:\/\/brasil61.com\/rails\/active_storage\/blobs\/eyJfcmFpbHMiOnsibWVzc2FnZSI6IkJBaHBBMWI1QWc9PSIsImV4cCI6bnVsbCwicHVyIjoiYmxvYl9pZCJ9fQ==--d7b784e3bae397cb10932fdfb681aee0d3429963\/PTRN244133A\"><\/audio><\/p>\n<p>Nesta ter\u00e7a-feira (3), o Instituto Nacional de Meteorologia (Inmet) alerta para perigo potencial de baixa umidade no Vale do Acre.<\/p>\n<p>A previs\u00e3o \u00e9 de varia\u00e7\u00e3o de nuvens e sem chuvas em todo o Acre, em cidades como Sena Madureira, Epitaciol\u00e2ndia e Brasil\u00e9ia.\u00a0<\/p>\n<p>Para setembro, o Inmet prev\u00ea chuvas acima da m\u00e9dia na faixa norte, enquanto o sul da regi\u00e3o ter\u00e1 chuvas pr\u00f3ximas ou abaixo da m\u00e9dia. A redu\u00e7\u00e3o de umidade devido \u00e0 persist\u00eancia de massas de ar seco pode aumentar o risco de queimadas e doen\u00e7as respirat\u00f3rias.<\/p>\n<p>A temperatura m\u00ednima fica em torno de 22\u00b0C, em Rio Branco, e a m\u00e1xima prevista \u00e9 de 40\u00baC, em Sena Madureira. A umidade relativa do ar varia entre 35% e 90%.<\/p>\n<p>As informa\u00e7\u00f5es s\u00e3o do Instituto Nacional de Meteorologia.<br \/>\n\u00a0<\/p>\n<p>\t\t\t\t\t\t\t\t\t<img loading=\"lazy\" decoding=\"async\" src=\"https:\/\/brasil61.com\/api\/v1\/serve_pixel\/17677\/75243\" alt=\"Pixel Brasil 61\" class=\"b61_pixel\" width=\"0\" height=\"0\"><\/p>\n<input type=\"hidden\" id=\"baseurl\" value=\"https:\/\/noticiasdestaque.com.br\"><input type=\"hidden\" id=\"audio_nonce\" value=\"34245022d4\">","protected":false},"excerpt":{"rendered":"<p>A temperatura pode variar entre 22\u00baC e 40\u00baC<\/p>\n","protected":false},"author":1,"featured_media":37777,"comment_status":"open","ping_status":"open","sticky":false,"template":"","format":"standard","meta":{"fifu_image_url":"","fifu_image_alt":"","footnotes":""},"categories":[58],"tags":[],"class_list":["post-37776","post","type-post","status-publish","format-standard","has-post-thumbnail","hentry","category-cotidiano"],"distributor_meta":false,"distributor_terms":false,"distributor_media":false,"distributor_original_site_name":"Noticias em Destaque","distributor_original_site_url":"https:\/\/noticiasdestaque.com.br","push-errors":false,"_links":{"self":[{"href":"https:\/\/noticiasdestaque.com.br\/index.php\/wp-json\/wp\/v2\/posts\/37776","targetHints":{"allow":["GET"]}}],"collection":[{"href":"https:\/\/noticiasdestaque.com.br\/index.php\/wp-json\/wp\/v2\/posts"}],"about":[{"href":"https:\/\/noticiasdestaque.com.br\/index.php\/wp-json\/wp\/v2\/types\/post"}],"author":[{"embeddable":true,"href":"https:\/\/noticiasdestaque.com.br\/index.php\/wp-json\/wp\/v2\/users\/1"}],"replies":[{"embeddable":true,"href":"https:\/\/noticiasdestaque.com.br\/index.php\/wp-json\/wp\/v2\/comments?post=37776"}],"version-history":[{"count":0,"href":"https:\/\/noticiasdestaque.com.br\/index.php\/wp-json\/wp\/v2\/posts\/37776\/revisions"}],"wp:featuredmedia":[{"embeddable":true,"href":"https:\/\/noticiasdestaque.com.br\/index.php\/wp-json\/wp\/v2\/media\/37777"}],"wp:attachment":[{"href":"https:\/\/noticiasdestaque.com.br\/index.php\/wp-json\/wp\/v2\/media?parent=37776"}],"wp:term":[{"taxonomy":"category","embeddable":true,"href":"https:\/\/noticiasdestaque.com.br\/index.php\/wp-json\/wp\/v2\/categories?post=37776"},{"taxonomy":"post_tag","embeddable":true,"href":"https:\/\/noticiasdestaque.com.br\/index.php\/wp-json\/wp\/v2\/tags?post=37776"}],"curies":[{"name":"wp","href":"https:\/\/api.w.org\/{rel}","templated":true}]}}