{"id":37774,"date":"2024-09-02T18:00:00","date_gmt":"2024-09-02T21:00:00","guid":{"rendered":"https:\/\/noticiasdestaque.com.br\/index.php\/2024\/09\/02\/previsao-do-tempo-terca-feira-3-com-alerta-para-baixa-umidade-e-onda-de-calor-em-rondonia\/"},"modified":"2024-09-02T18:00:00","modified_gmt":"2024-09-02T21:00:00","slug":"previsao-do-tempo-terca-feira-3-com-alerta-para-baixa-umidade-e-onda-de-calor-em-rondonia","status":"publish","type":"post","link":"https:\/\/noticiasdestaque.com.br\/index.php\/2024\/09\/02\/previsao-do-tempo-terca-feira-3-com-alerta-para-baixa-umidade-e-onda-de-calor-em-rondonia\/","title":{"rendered":"PREVIS\u00c3O DO TEMPO: ter\u00e7a-feira (3) com alerta para baixa umidade e onda de calor em Rond\u00f4nia"},"content":{"rendered":"<p>\t\t\t\t\t\t\t\t\t\t<audio controls class=\"b61_audio_player\" data-noticia=\"75242\" src=\"https:\/\/brasil61.com\/rails\/active_storage\/blobs\/eyJfcmFpbHMiOnsibWVzc2FnZSI6IkJBaHBBMVg1QWc9PSIsImV4cCI6bnVsbCwicHVyIjoiYmxvYl9pZCJ9fQ==--01149fd37cef76eb7e537abadc09529f93a9e296\/PTRN244132A\"><\/audio><\/p>\n<p>Nesta ter\u00e7a-feira (3), o Instituto Nacional de Meteorologia (Inmet) alerta para perigo potencial de baixa umidade e onda de calor em todo o estado de Rond\u00f4nia, atingindo cidades como Ji-Paran\u00e1, Cerejeiras e Porto Velho.\u00a0<\/p>\n<p>A previs\u00e3o \u00e9 de varia\u00e7\u00e3o de nuvens e sem chuvas em todo o estado.<\/p>\n<p>Para setembro, o Inmet prev\u00ea chuvas acima da m\u00e9dia na faixa norte, enquanto o sul da regi\u00e3o ter\u00e1 chuvas pr\u00f3ximas ou abaixo da m\u00e9dia. A redu\u00e7\u00e3o de umidade devido \u00e0 persist\u00eancia de massas de ar seco pode aumentar o risco de queimadas e doen\u00e7as respirat\u00f3rias.<\/p>\n<p>A temperatura m\u00ednima fica em torno de 22\u00b0C, em Pimenta Bueno, e a m\u00e1xima prevista \u00e9 de 42\u00baC, em Pimenteiras do Oeste. A umidade relativa do ar varia entre 25% e 85%.<\/p>\n<p>As informa\u00e7\u00f5es s\u00e3o do Instituto Nacional de Meteorologia.<\/p>\n<p>\t\t\t\t\t\t\t\t\t<img loading=\"lazy\" decoding=\"async\" src=\"https:\/\/brasil61.com\/api\/v1\/serve_pixel\/17677\/75242\" alt=\"Pixel Brasil 61\" class=\"b61_pixel\" width=\"0\" height=\"0\"><\/p>\n<input type=\"hidden\" id=\"baseurl\" value=\"https:\/\/noticiasdestaque.com.br\"><input type=\"hidden\" id=\"audio_nonce\" value=\"34245022d4\">","protected":false},"excerpt":{"rendered":"<p>A temperatura pode variar entre 22\u00baC e 42\u00baC<\/p>\n","protected":false},"author":1,"featured_media":37775,"comment_status":"open","ping_status":"open","sticky":false,"template":"","format":"standard","meta":{"fifu_image_url":"","fifu_image_alt":"","footnotes":""},"categories":[58],"tags":[],"class_list":["post-37774","post","type-post","status-publish","format-standard","has-post-thumbnail","hentry","category-cotidiano"],"distributor_meta":false,"distributor_terms":false,"distributor_media":false,"distributor_original_site_name":"Noticias em Destaque","distributor_original_site_url":"https:\/\/noticiasdestaque.com.br","push-errors":false,"_links":{"self":[{"href":"https:\/\/noticiasdestaque.com.br\/index.php\/wp-json\/wp\/v2\/posts\/37774","targetHints":{"allow":["GET"]}}],"collection":[{"href":"https:\/\/noticiasdestaque.com.br\/index.php\/wp-json\/wp\/v2\/posts"}],"about":[{"href":"https:\/\/noticiasdestaque.com.br\/index.php\/wp-json\/wp\/v2\/types\/post"}],"author":[{"embeddable":true,"href":"https:\/\/noticiasdestaque.com.br\/index.php\/wp-json\/wp\/v2\/users\/1"}],"replies":[{"embeddable":true,"href":"https:\/\/noticiasdestaque.com.br\/index.php\/wp-json\/wp\/v2\/comments?post=37774"}],"version-history":[{"count":0,"href":"https:\/\/noticiasdestaque.com.br\/index.php\/wp-json\/wp\/v2\/posts\/37774\/revisions"}],"wp:featuredmedia":[{"embeddable":true,"href":"https:\/\/noticiasdestaque.com.br\/index.php\/wp-json\/wp\/v2\/media\/37775"}],"wp:attachment":[{"href":"https:\/\/noticiasdestaque.com.br\/index.php\/wp-json\/wp\/v2\/media?parent=37774"}],"wp:term":[{"taxonomy":"category","embeddable":true,"href":"https:\/\/noticiasdestaque.com.br\/index.php\/wp-json\/wp\/v2\/categories?post=37774"},{"taxonomy":"post_tag","embeddable":true,"href":"https:\/\/noticiasdestaque.com.br\/index.php\/wp-json\/wp\/v2\/tags?post=37774"}],"curies":[{"name":"wp","href":"https:\/\/api.w.org\/{rel}","templated":true}]}}