{"id":37720,"date":"2024-09-01T18:02:00","date_gmt":"2024-09-01T21:02:00","guid":{"rendered":"https:\/\/noticiasdestaque.com.br\/index.php\/2024\/09\/01\/previsao-do-tempo-segunda-feira-2-com-alerta-para-ventos-costeiros-baixa-umidade-e-onda-de-calor\/"},"modified":"2024-09-01T18:02:00","modified_gmt":"2024-09-01T21:02:00","slug":"previsao-do-tempo-segunda-feira-2-com-alerta-para-ventos-costeiros-baixa-umidade-e-onda-de-calor","status":"publish","type":"post","link":"https:\/\/noticiasdestaque.com.br\/index.php\/2024\/09\/01\/previsao-do-tempo-segunda-feira-2-com-alerta-para-ventos-costeiros-baixa-umidade-e-onda-de-calor\/","title":{"rendered":"PREVIS\u00c3O DO TEMPO: segunda-feira (2) com alerta para ventos costeiros, baixa umidade e onda de calor"},"content":{"rendered":"<p>\t\t\t\t\t\t\t\t\t\t<audio controls class=\"b61_audio_player\" data-noticia=\"75160\" src=\"https:\/\/brasil61.com\/rails\/active_storage\/blobs\/eyJfcmFpbHMiOnsibWVzc2FnZSI6IkJBaHBBeUQ0QWc9PSIsImV4cCI6bnVsbCwicHVyIjoiYmxvYl9pZCJ9fQ==--221c5f5b3064e1d2091cc137b8b822e18595ebc7\/PTSD243785A\"><\/audio><\/p>\n<p>O Instituto Nacional de Meteorologia (Inmet) alerta para perigo potencial de ventos costeiros no Rio de Janeiro, Esp\u00edrito Santo e S\u00e3o Paulo.\u00a0<\/p>\n<p>Tamb\u00e9m h\u00e1 alerta para perigo potencial de baixa umidade em todos os estados do Sudeste.\u00a0<\/p>\n<p>O \u00faltimo alerta \u00e9 para perigo potencial de onda de calor em S\u00e3o Paulo, Minas Gerais e Rio de Janeiro. \u00a0<\/p>\n<p>A previs\u00e3o do Inmet para setembro indica chuvas pr\u00f3ximas ou abaixo da m\u00e9dia, beneficiando a matura\u00e7\u00e3o e colheita de milho e trigo. No entanto, a falta de chuvas pode afetar as lavouras de trigo durante o enchimento de gr\u00e3os em S\u00e3o Paulo e Minas Gerais.<\/p>\n<p><strong>Temperatura m\u00ednima e m\u00e1xima na regi\u00e3o<\/strong><\/p>\n<p>A temperatura m\u00ednima fica em torno de 11\u00b0C, em Barra do Turvo, em S\u00e3o Paulo, e a m\u00e1xima prevista \u00e9 de 37\u00baC, em Campina Verde, em Minas Gerais. A umidade relativa do ar varia entre 15% e 90%.<\/p>\n<p>As informa\u00e7\u00f5es s\u00e3o do Instituto Nacional de Meteorologia.<\/p>\n<p>\n\u00a0<\/p>\n<p>\t\t\t\t\t\t\t\t\t<img loading=\"lazy\" decoding=\"async\" src=\"https:\/\/brasil61.com\/api\/v1\/serve_pixel\/17677\/75160\" alt=\"Pixel Brasil 61\" class=\"b61_pixel\" width=\"0\" height=\"0\"><\/p>\n<input type=\"hidden\" id=\"baseurl\" value=\"https:\/\/noticiasdestaque.com.br\"><input type=\"hidden\" id=\"audio_nonce\" value=\"6a24ca502e\">","protected":false},"excerpt":{"rendered":"<p>A temperatura pode variar entre 11\u00baC e 37\u00baC<\/p>\n","protected":false},"author":1,"featured_media":37721,"comment_status":"open","ping_status":"open","sticky":false,"template":"","format":"standard","meta":{"fifu_image_url":"","fifu_image_alt":"","footnotes":""},"categories":[58],"tags":[],"class_list":["post-37720","post","type-post","status-publish","format-standard","has-post-thumbnail","hentry","category-cotidiano"],"distributor_meta":false,"distributor_terms":false,"distributor_media":false,"distributor_original_site_name":"Noticias em Destaque","distributor_original_site_url":"https:\/\/noticiasdestaque.com.br","push-errors":false,"_links":{"self":[{"href":"https:\/\/noticiasdestaque.com.br\/index.php\/wp-json\/wp\/v2\/posts\/37720","targetHints":{"allow":["GET"]}}],"collection":[{"href":"https:\/\/noticiasdestaque.com.br\/index.php\/wp-json\/wp\/v2\/posts"}],"about":[{"href":"https:\/\/noticiasdestaque.com.br\/index.php\/wp-json\/wp\/v2\/types\/post"}],"author":[{"embeddable":true,"href":"https:\/\/noticiasdestaque.com.br\/index.php\/wp-json\/wp\/v2\/users\/1"}],"replies":[{"embeddable":true,"href":"https:\/\/noticiasdestaque.com.br\/index.php\/wp-json\/wp\/v2\/comments?post=37720"}],"version-history":[{"count":0,"href":"https:\/\/noticiasdestaque.com.br\/index.php\/wp-json\/wp\/v2\/posts\/37720\/revisions"}],"wp:featuredmedia":[{"embeddable":true,"href":"https:\/\/noticiasdestaque.com.br\/index.php\/wp-json\/wp\/v2\/media\/37721"}],"wp:attachment":[{"href":"https:\/\/noticiasdestaque.com.br\/index.php\/wp-json\/wp\/v2\/media?parent=37720"}],"wp:term":[{"taxonomy":"category","embeddable":true,"href":"https:\/\/noticiasdestaque.com.br\/index.php\/wp-json\/wp\/v2\/categories?post=37720"},{"taxonomy":"post_tag","embeddable":true,"href":"https:\/\/noticiasdestaque.com.br\/index.php\/wp-json\/wp\/v2\/tags?post=37720"}],"curies":[{"name":"wp","href":"https:\/\/api.w.org\/{rel}","templated":true}]}}