{"id":37708,"date":"2024-08-28T12:00:00","date_gmt":"2024-08-28T15:00:00","guid":{"rendered":"https:\/\/noticiasdestaque.com.br\/index.php\/2024\/08\/28\/goias-ganha-nova-regiao-metropolitana-no-entorno-do-df\/"},"modified":"2024-08-28T12:00:00","modified_gmt":"2024-08-28T15:00:00","slug":"goias-ganha-nova-regiao-metropolitana-no-entorno-do-df","status":"publish","type":"post","link":"https:\/\/noticiasdestaque.com.br\/index.php\/2024\/08\/28\/goias-ganha-nova-regiao-metropolitana-no-entorno-do-df\/","title":{"rendered":"Goi\u00e1s ganha nova regi\u00e3o metropolitana no entorno do DF"},"content":{"rendered":"<p>\t\t\t\t\t\t\t\t\t\t<audio controls class=\"b61_audio_player\" data-noticia=\"74833\" src=\"https:\/\/brasil61.com\/rails\/active_storage\/blobs\/eyJfcmFpbHMiOnsibWVzc2FnZSI6IkJBaHBBNDMxQWc9PSIsImV4cCI6bnVsbCwicHVyIjoiYmxvYl9pZCJ9fQ==--63511ef57aaa50c426277fa731b82597bb239cc9\/BRAS2412498A\"><\/audio><\/p>\n<p>O Instituto Brasileiro de Geografia e Estat\u00edstica (IBGE) divulgou a atualiza\u00e7\u00e3o de 2023 dos Recortes Metropolitanos e Aglomera\u00e7\u00f5es Urbanas. Um dos destaques desta atualiza\u00e7\u00e3o\u00a0foi a cria\u00e7\u00e3o da Regi\u00e3o Metropolitana do Entorno do Distrito Federal, no estado de Goi\u00e1s, composta por 11 munic\u00edpios.<\/p>\n<p>A cria\u00e7\u00e3o das Regi\u00f5es Metropolitanas no Brasil \u00e9 regulamentada pela Constitui\u00e7\u00e3o Federal de 1988, que delega aos estados a responsabilidade pela organiza\u00e7\u00e3o, planejamento e execu\u00e7\u00e3o de fun\u00e7\u00f5es p\u00fablicas de interesse comum nas \u00e1reas abrangidas. Essa nova configura\u00e7\u00e3o territorial \u00e9 um passo importante para melhorar a administra\u00e7\u00e3o e a gest\u00e3o compartilhada entre os munic\u00edpios do entorno e a capital federal.<\/p>\n<p>Segundo Frederico Fl\u00f3sculo, Professor da Faculdade de Arquitetura e Urbanismo da UNB, a cria\u00e7\u00e3o da Regi\u00e3o Metropolitana do Entorno \u00e9 fundamental para o planejamento da \u00e1rea.<\/p>\n<p>\u201cEu acredito que o estabelecimento dessa regi\u00e3o metropolitana dos primeiros 11 munic\u00edpios goianos deve gerar algo fundamental para o planejamento urbano e regional, que \u00e9 um diagn\u00f3stico dessa regi\u00e3o.\u201d<\/p>\n<p>Com a cria\u00e7\u00e3o dessa nova regi\u00e3o, Goi\u00e1s passa a integrar o grupo de estados com regi\u00f5es metropolitanas, acompanhando a tend\u00eancia nacional de organizar territ\u00f3rios para melhorar o desenvolvimento econ\u00f4mico e social das \u00e1reas envolvidas. Ao todo, o Brasil conta agora com 77 regi\u00f5es metropolitanas, distribu\u00eddas por 23 estados.<\/p>\n<p>A atualiza\u00e7\u00e3o tamb\u00e9m abrangeu mudan\u00e7as nas nomenclaturas e limites geogr\u00e1ficos em diversas regi\u00f5es, com base na Divis\u00e3o Territorial do Brasil 2023, garantindo que os recortes metropolitanos estejam alinhados com a realidade atual das \u00e1reas urbanas e de desenvolvimento no pa\u00eds.\u00a0Para Frederico Fl\u00f3sculo, essa atualiza\u00e7\u00e3o tamb\u00e9m abre caminho para novas oportunidades de crescimento na regi\u00e3o do Goi\u00e1s.<\/p>\n<p>\u201cEu acho que j\u00e1 era tarde a cria\u00e7\u00e3o de uma regi\u00e3o metropolitana pelo governo de Goi\u00e1s e eu acho que o governo de Goi\u00e1s vai ser muito melhor advogado dos interesses desses 11 munic\u00edpios. Eu tenho certeza que esse n\u00famero crescer\u00e1 para duas, tr\u00eas dezenas.\u201d<\/p>\n<p>Essa nova configura\u00e7\u00e3o reflete a import\u00e2ncia do planejamento metropolitano e do desenvolvimento integrado, destacando o papel central que essas regi\u00f5es desempenham no crescimento econ\u00f4mico e social do Brasil.<\/p>\n<p>\t\t\t\t\t\t\t\t\t<img loading=\"lazy\" decoding=\"async\" src=\"https:\/\/brasil61.com\/api\/v1\/serve_pixel\/17677\/74833\" alt=\"Pixel Brasil 61\" class=\"b61_pixel\" width=\"0\" height=\"0\"><\/p>\n<input type=\"hidden\" id=\"baseurl\" value=\"https:\/\/noticiasdestaque.com.br\"><input type=\"hidden\" id=\"audio_nonce\" value=\"6f73a554f1\">","protected":false},"excerpt":{"rendered":"<p>Com a inclus\u00e3o de 11 munic\u00edpios, a cria\u00e7\u00e3o da nova regi\u00e3o busca aprimorar o planejamento urbano e fortalecer a gest\u00e3o compartilhada entre o entorno e a capital federal.<\/p>\n","protected":false},"author":1,"featured_media":37709,"comment_status":"open","ping_status":"open","sticky":false,"template":"","format":"standard","meta":{"fifu_image_url":"","fifu_image_alt":"","footnotes":""},"categories":[48],"tags":[],"class_list":["post-37708","post","type-post","status-publish","format-standard","has-post-thumbnail","hentry","category-mundo"],"distributor_meta":false,"distributor_terms":false,"distributor_media":false,"distributor_original_site_name":"Noticias em Destaque","distributor_original_site_url":"https:\/\/noticiasdestaque.com.br","push-errors":false,"_links":{"self":[{"href":"https:\/\/noticiasdestaque.com.br\/index.php\/wp-json\/wp\/v2\/posts\/37708","targetHints":{"allow":["GET"]}}],"collection":[{"href":"https:\/\/noticiasdestaque.com.br\/index.php\/wp-json\/wp\/v2\/posts"}],"about":[{"href":"https:\/\/noticiasdestaque.com.br\/index.php\/wp-json\/wp\/v2\/types\/post"}],"author":[{"embeddable":true,"href":"https:\/\/noticiasdestaque.com.br\/index.php\/wp-json\/wp\/v2\/users\/1"}],"replies":[{"embeddable":true,"href":"https:\/\/noticiasdestaque.com.br\/index.php\/wp-json\/wp\/v2\/comments?post=37708"}],"version-history":[{"count":0,"href":"https:\/\/noticiasdestaque.com.br\/index.php\/wp-json\/wp\/v2\/posts\/37708\/revisions"}],"wp:featuredmedia":[{"embeddable":true,"href":"https:\/\/noticiasdestaque.com.br\/index.php\/wp-json\/wp\/v2\/media\/37709"}],"wp:attachment":[{"href":"https:\/\/noticiasdestaque.com.br\/index.php\/wp-json\/wp\/v2\/media?parent=37708"}],"wp:term":[{"taxonomy":"category","embeddable":true,"href":"https:\/\/noticiasdestaque.com.br\/index.php\/wp-json\/wp\/v2\/categories?post=37708"},{"taxonomy":"post_tag","embeddable":true,"href":"https:\/\/noticiasdestaque.com.br\/index.php\/wp-json\/wp\/v2\/tags?post=37708"}],"curies":[{"name":"wp","href":"https:\/\/api.w.org\/{rel}","templated":true}]}}