{"id":37704,"date":"2024-08-27T03:00:00","date_gmt":"2024-08-27T06:00:00","guid":{"rendered":"https:\/\/noticiasdestaque.com.br\/index.php\/2024\/08\/27\/stf-define-novas-diretrizes-para-dar-mais-transparencia-a-emendas-parlamentares\/"},"modified":"2024-08-27T03:00:00","modified_gmt":"2024-08-27T06:00:00","slug":"stf-define-novas-diretrizes-para-dar-mais-transparencia-a-emendas-parlamentares","status":"publish","type":"post","link":"https:\/\/noticiasdestaque.com.br\/index.php\/2024\/08\/27\/stf-define-novas-diretrizes-para-dar-mais-transparencia-a-emendas-parlamentares\/","title":{"rendered":"STF define novas diretrizes para dar mais transpar\u00eancia a emendas parlamentares"},"content":{"rendered":"<p>\t\t\t\t\t\t\t\t\t\t<audio controls class=\"b61_audio_player\" data-noticia=\"74767\" src=\"https:\/\/brasil61.com\/rails\/active_storage\/blobs\/eyJfcmFpbHMiOnsibWVzc2FnZSI6IkJBaHBBN1QwQWc9PSIsImV4cCI6bnVsbCwicHVyIjoiYmxvYl9pZCJ9fQ==--561dfd80e3fd7b6a32cf243c0f904260417d7cd0\/BRAS2412492A\"><\/audio><\/p>\n<p>O Supremo Tribunal Federal (STF) anunciou um acordo entre os Poderes Executivo, Legislativo e Judici\u00e1rio sobre a manuten\u00e7\u00e3o das emendas parlamentares, que dever\u00e3o respeitar novos crit\u00e9rios de transpar\u00eancia, rastreabilidade e corre\u00e7\u00e3o. O consenso foi divulgado em nota oficial ap\u00f3s uma reuni\u00e3o envolvendo ministros do STF, os presidentes da C\u00e2mara, Arthur Lira (PP-AL), e do Senado, Rodrigo Pacheco (PSD-MG), al\u00e9m de representantes do Governo Federal. O encontro foi uma tentativa de solucionar o impasse sobre o pagamento dessas emendas.<\/p>\n<p>Segundo a nota, as chamadas &#8220;emendas PIX&#8221;, que t\u00eam car\u00e1ter de impositividade, ser\u00e3o mantidas, mas precisar\u00e3o ter o destino dos recursos identificado previamente, com prioridade para obras inacabadas e com presta\u00e7\u00e3o de contas ao Tribunal de Contas da Uni\u00e3o (TCU). Cristina Helena, doutora em economia pela Funda\u00e7\u00e3o Get\u00falio Vargas, ressalta que a prioriza\u00e7\u00e3o ainda depende dos interesses de quem solicita as emendas.<\/p>\n<p>\u201cA prioridade \u00e9 dada por aquele que solicita a emenda e aquele que vai endere\u00e7ar a emenda para aqueles que ele representa. Ent\u00e3o, n\u00e3o h\u00e1 uma prioriza\u00e7\u00e3o de obras inacabadas, no sentido de quais s\u00e3o mais relevantes nacionalmente, mas h\u00e1 uma corre\u00e7\u00e3o e esses recursos s\u00e3o destinados para o deputado fazer o atendimento daqueles que s\u00e3o representados por ele&#8221;, explica.<\/p>\n<p>As emendas individuais tamb\u00e9m foram mantidas com impositividade e seguir\u00e3o novas regras, que dever\u00e3o ser definidas em at\u00e9 dez dias por meio de um acordo entre Executivo e Legislativo. Em rela\u00e7\u00e3o \u00e0s emendas de bancada, ficou decidido que esses recursos ser\u00e3o direcionados para projetos estruturantes nos estados e no Distrito Federal, sendo vedado que um parlamentar decida de forma individual sobre o destino das verbas.<\/p>\n<p>J\u00e1 as emendas das comiss\u00f5es tem\u00e1ticas do Congresso ser\u00e3o destinadas a projetos de interesse nacional ou regional, com procedimentos que tamb\u00e9m dever\u00e3o ser estabelecidos dentro de dez dias. Al\u00e9m disso, ficou acordado que o valor total das emendas parlamentares n\u00e3o poder\u00e1 ultrapassar o aumento das despesas discricion\u00e1rias, que s\u00e3o aquelas n\u00e3o obrigat\u00f3rias no or\u00e7amento. Helena tamb\u00e9m destaca que, embora o acordo n\u00e3o afete diretamente o or\u00e7amento, ele ter\u00e1 impacto nas pol\u00edticas p\u00fablicas.\u00a0<\/p>\n<p>&#8220;O acordo sobre as emendas n\u00e3o impacta o or\u00e7amento, mas impacta as pol\u00edticas p\u00fablicas. N\u00e3o impacta o or\u00e7amento porque v\u00e3o ser executadas as emendas, v\u00e3o ser liberados os recursos para serem executados, mas impacta nas pol\u00edticas p\u00fablicas porque elas foram desenhadas para fazer adequa\u00e7\u00f5es locais, regionais, municipais, estaduais, no sentido de corrigir aquilo que as pol\u00edticas p\u00fablicas n\u00e3o contemplam.\u201d<\/p>\n<p>O pr\u00f3ximo passo ser\u00e1 a defini\u00e7\u00e3o das regras que ir\u00e3o regular o uso dessas emendas, o que deve acontecer em at\u00e9 dez dias.<br \/>\n\u00a0<\/p>\n<p>\t\t\t\t\t\t\t\t\t<img loading=\"lazy\" decoding=\"async\" src=\"https:\/\/brasil61.com\/api\/v1\/serve_pixel\/17677\/74767\" alt=\"Pixel Brasil 61\" class=\"b61_pixel\" width=\"0\" height=\"0\"><\/p>\n<input type=\"hidden\" id=\"baseurl\" value=\"https:\/\/noticiasdestaque.com.br\"><input type=\"hidden\" id=\"audio_nonce\" value=\"6a24ca502e\">","protected":false},"excerpt":{"rendered":"<p>O acordo estabelece regras para emendas PIX, individuais, de bancada e de comiss\u00f5es, com foco em transpar\u00eancia, rastreabilidade e corre\u00e7\u00e3o<\/p>\n","protected":false},"author":1,"featured_media":37705,"comment_status":"open","ping_status":"open","sticky":false,"template":"","format":"standard","meta":{"fifu_image_url":"","fifu_image_alt":"","footnotes":""},"categories":[48],"tags":[],"class_list":["post-37704","post","type-post","status-publish","format-standard","has-post-thumbnail","hentry","category-mundo"],"distributor_meta":false,"distributor_terms":false,"distributor_media":false,"distributor_original_site_name":"Noticias em Destaque","distributor_original_site_url":"https:\/\/noticiasdestaque.com.br","push-errors":false,"_links":{"self":[{"href":"https:\/\/noticiasdestaque.com.br\/index.php\/wp-json\/wp\/v2\/posts\/37704","targetHints":{"allow":["GET"]}}],"collection":[{"href":"https:\/\/noticiasdestaque.com.br\/index.php\/wp-json\/wp\/v2\/posts"}],"about":[{"href":"https:\/\/noticiasdestaque.com.br\/index.php\/wp-json\/wp\/v2\/types\/post"}],"author":[{"embeddable":true,"href":"https:\/\/noticiasdestaque.com.br\/index.php\/wp-json\/wp\/v2\/users\/1"}],"replies":[{"embeddable":true,"href":"https:\/\/noticiasdestaque.com.br\/index.php\/wp-json\/wp\/v2\/comments?post=37704"}],"version-history":[{"count":0,"href":"https:\/\/noticiasdestaque.com.br\/index.php\/wp-json\/wp\/v2\/posts\/37704\/revisions"}],"wp:featuredmedia":[{"embeddable":true,"href":"https:\/\/noticiasdestaque.com.br\/index.php\/wp-json\/wp\/v2\/media\/37705"}],"wp:attachment":[{"href":"https:\/\/noticiasdestaque.com.br\/index.php\/wp-json\/wp\/v2\/media?parent=37704"}],"wp:term":[{"taxonomy":"category","embeddable":true,"href":"https:\/\/noticiasdestaque.com.br\/index.php\/wp-json\/wp\/v2\/categories?post=37704"},{"taxonomy":"post_tag","embeddable":true,"href":"https:\/\/noticiasdestaque.com.br\/index.php\/wp-json\/wp\/v2\/tags?post=37704"}],"curies":[{"name":"wp","href":"https:\/\/api.w.org\/{rel}","templated":true}]}}