{"id":37700,"date":"2024-08-30T03:00:00","date_gmt":"2024-08-30T06:00:00","guid":{"rendered":"https:\/\/noticiasdestaque.com.br\/index.php\/2024\/08\/30\/inss-revisao-da-vida-toda-sera-analisada-no-plenario-fisico-do-stf\/"},"modified":"2024-08-30T03:00:00","modified_gmt":"2024-08-30T06:00:00","slug":"inss-revisao-da-vida-toda-sera-analisada-no-plenario-fisico-do-stf","status":"publish","type":"post","link":"https:\/\/noticiasdestaque.com.br\/index.php\/2024\/08\/30\/inss-revisao-da-vida-toda-sera-analisada-no-plenario-fisico-do-stf\/","title":{"rendered":"INSS: revis\u00e3o da vida toda ser\u00e1 analisada no plen\u00e1rio f\u00edsico do STF"},"content":{"rendered":"<p>\t\t\t\t\t\t\t\t\t\t<audio controls class=\"b61_audio_player\" data-noticia=\"75027\" src=\"https:\/\/brasil61.com\/rails\/active_storage\/blobs\/eyJfcmFpbHMiOnsibWVzc2FnZSI6IkJBaHBBM2YyQWc9PSIsImV4cCI6bnVsbCwicHVyIjoiYmxvYl9pZCJ9fQ==--efcd381fc5dc670ddb3b49ff51ada0e7856f660f\/BRAS2412541A\"><\/audio><\/p>\n<p>O ministro Alexandre de Moraes, do Supremo Tribunal Federal (STF), solicitou que a an\u00e1lise de dois recursos que contestam a decis\u00e3o que negou a chamada \u201crevis\u00e3o da vida toda\u201d nas aposentadorias ocorra no plen\u00e1rio f\u00edsico da Corte. Isso significa que a vota\u00e7\u00e3o recome\u00e7a, tendo em vista que quatro ministros votaram contra recursos no plen\u00e1rio virtual. \u00a0O julgamento chegar\u00e1 ao final no dia 30 de agosto.<\/p>\n<p>Os ministros do STF que votaram contra os recursos pedindo \u00e0 corte que garanta a revis\u00e3o da vida toda do Instituto Nacional do Seguro Social (INSS) foram Kassio Nunes Marques, Cristiano Zanin, Fl\u00e1vio Dino e C\u00e1rmen L\u00facia<\/p>\n<p>O especialista em Direito Previdenci\u00e1rio e CEO da WB Cursos, Washington Barbosa, esclarece do que se trata a tese em discuss\u00e3o.<\/p>\n<p>\u201cEssa revis\u00e3o da vida toda \u00e9 uma tese jur\u00eddica que tenta fazer com que as suas contribui\u00e7\u00f5es antes de julho de 1994 sejam consideradas no c\u00e1lculo do seu benef\u00edcio. Ent\u00e3o pessoas que come\u00e7aram a trabalhar muito cedo e de repente l\u00e1 antes de julho de 1994 essas contribui\u00e7\u00f5es n\u00e3o foram usadas, quando \u00e9 colocado no c\u00e1lculo, geralmente isso impacta positivamente o valor do teu benef\u00edcio, aumenta o valor do teu benef\u00edcio.&#8221;<\/p>\n<p>Os dois embargos de declara\u00e7\u00e3o em an\u00e1lise pelos ministros, que s\u00e3o relacionados a pedidos para esclarecer pontos de um julgamento, s\u00e3o relacionados \u00e0 decis\u00e3o tomada em mar\u00e7o de 2024, a qual derrubou a possibilidade de pedido da corre\u00e7\u00e3o ao julgar duas a\u00e7\u00f5es de 1999, (as A\u00e7\u00f5es Direta de Inconstitucionalidade 2.110 e 2.1110.\u00a0<\/p>\n<h2>Destaque do processo<\/h2>\n<p>Os quatro ministros que j\u00e1 se manifestaram no plen\u00e1rio virtual votaram dentro do sistema do TSE. Washington Barbosa\u00a0explica que o pedido do ministro Alexandre de Moraes para destaque significa que este processo deixa de estar no plen\u00e1rio virtual e vai para o plen\u00e1rio f\u00edsico.<\/p>\n<p>\u201cNesse aspecto, isso volta \u00e0 estaca zero porque qualquer um dos ministros, mesmo aqueles que j\u00e1 votaram, podem mudar de opini\u00e3o durante a sess\u00e3o de debates dentro do plen\u00e1rio do Supremo Tribunal Federal. Ent\u00e3o, assim, hoje a situa\u00e7\u00e3o, mesmo com esses quatro votos, a situa\u00e7\u00e3o \u00e9 que n\u00f3s recome\u00e7aremos esse processo todo de uma vez, ou esse julgamento vai reiniciar para cada ministro fazer o seu voto, proferir o seu voto. L\u00f3gico, quem j\u00e1 deu uma posi\u00e7\u00e3o contr\u00e1ria, geralmente ele mant\u00e9m essa posi\u00e7\u00e3o, mas h\u00e1\u00a0possibilidade dele mudar\u201d, pontua Washington.<\/p>\n<p>Em rela\u00e7\u00e3o \u00e0s pessoas que j\u00e1 tiveram tr\u00e2nsito em julgado dessas decis\u00f5es por um julgamento no passado e j\u00e1 est\u00e3o, inclusive, recebendo e, independentemente da decis\u00e3o dos ministros, nada ser\u00e1 alterado. Por\u00e9m, para os aposentados que estavam com processo em tramita\u00e7\u00e3o, \u201cindependentemente do est\u00e1gio que ele esteja, na primeira inst\u00e2ncia, no Tribunal Regional, no STJ, independentemente do est\u00e1gio, essas a\u00e7\u00f5es est\u00e3o suspensas\u201d, salienta Washington.<\/p>\n<p>\u201cSe o julgamento continuar nessa toada, ou seja, negando a tese da revis\u00e3o da vida toda, todas essas a\u00e7\u00f5es v\u00e3o ser indeferidas. \u00c9 isso que vai acontecer. Essas pessoas n\u00e3o ter\u00e3o direito a computar as suas contribui\u00e7\u00f5es antes de julho de 1994.\u201d<br \/>\n\u00a0<\/p>\n<p>\t\t\t\t\t\t\t\t\t<img loading=\"lazy\" decoding=\"async\" src=\"https:\/\/brasil61.com\/api\/v1\/serve_pixel\/17677\/75027\" alt=\"Pixel Brasil 61\" class=\"b61_pixel\" width=\"0\" height=\"0\"><\/p>\n<input type=\"hidden\" id=\"baseurl\" value=\"https:\/\/noticiasdestaque.com.br\"><input type=\"hidden\" id=\"audio_nonce\" value=\"6a24ca502e\">","protected":false},"excerpt":{"rendered":"<p>Quatro ministros do Supremo Tribunal Federal (STF) votaram contra recursos que pedem revis\u00e3o da vida toda do INSS a aposentados no plen\u00e1rio virtual. A pedido do ministro Alexandre de Moraes, os embargos ser\u00e3o analisados no plen\u00e1rio f\u00edsico do tribunal, ou seja, a vota\u00e7\u00e3o recome\u00e7a. Especialista destaca que, caso prossiga a nega\u00e7\u00e3o \u00e0 tese da revis\u00e3o da vida toda, as a\u00e7\u00f5es em curso ser\u00e3o indeferidas e os aposentados n\u00e3o ter\u00e3o direito a computar contribui\u00e7\u00f5es de antes de julho de 1994.<\/p>\n","protected":false},"author":1,"featured_media":37701,"comment_status":"open","ping_status":"open","sticky":false,"template":"","format":"standard","meta":{"fifu_image_url":"","fifu_image_alt":"","footnotes":""},"categories":[48],"tags":[],"class_list":["post-37700","post","type-post","status-publish","format-standard","has-post-thumbnail","hentry","category-mundo"],"distributor_meta":false,"distributor_terms":false,"distributor_media":false,"distributor_original_site_name":"Noticias em Destaque","distributor_original_site_url":"https:\/\/noticiasdestaque.com.br","push-errors":false,"_links":{"self":[{"href":"https:\/\/noticiasdestaque.com.br\/index.php\/wp-json\/wp\/v2\/posts\/37700","targetHints":{"allow":["GET"]}}],"collection":[{"href":"https:\/\/noticiasdestaque.com.br\/index.php\/wp-json\/wp\/v2\/posts"}],"about":[{"href":"https:\/\/noticiasdestaque.com.br\/index.php\/wp-json\/wp\/v2\/types\/post"}],"author":[{"embeddable":true,"href":"https:\/\/noticiasdestaque.com.br\/index.php\/wp-json\/wp\/v2\/users\/1"}],"replies":[{"embeddable":true,"href":"https:\/\/noticiasdestaque.com.br\/index.php\/wp-json\/wp\/v2\/comments?post=37700"}],"version-history":[{"count":0,"href":"https:\/\/noticiasdestaque.com.br\/index.php\/wp-json\/wp\/v2\/posts\/37700\/revisions"}],"wp:featuredmedia":[{"embeddable":true,"href":"https:\/\/noticiasdestaque.com.br\/index.php\/wp-json\/wp\/v2\/media\/37701"}],"wp:attachment":[{"href":"https:\/\/noticiasdestaque.com.br\/index.php\/wp-json\/wp\/v2\/media?parent=37700"}],"wp:term":[{"taxonomy":"category","embeddable":true,"href":"https:\/\/noticiasdestaque.com.br\/index.php\/wp-json\/wp\/v2\/categories?post=37700"},{"taxonomy":"post_tag","embeddable":true,"href":"https:\/\/noticiasdestaque.com.br\/index.php\/wp-json\/wp\/v2\/tags?post=37700"}],"curies":[{"name":"wp","href":"https:\/\/api.w.org\/{rel}","templated":true}]}}